{"id":4630,"date":"2025-04-03T10:50:55","date_gmt":"2025-04-03T09:50:55","guid":{"rendered":"https:\/\/blogsaverroes.juntadeandalucia.es\/iesrioandara\/?p=4630"},"modified":"2025-06-16T08:59:48","modified_gmt":"2025-06-16T07:59:48","slug":"4630-2","status":"publish","type":"post","link":"https:\/\/blogsaverroes.juntadeandalucia.es\/iesrioandara\/4630-2\/","title":{"rendered":"Un mundo en conflicto: Reflexiones desde el IES R\u00edo Andarax"},"content":{"rendered":"<p data-sourcepos=\"7:1-7:348\"><img loading=\"lazy\" decoding=\"async\" class=\"size-medium wp-image-4635 aligncenter\" src=\"https:\/\/blogsaverroes.juntadeandalucia.es\/iesrioandara\/files\/2025\/04\/PHOTO-2025-04-03-11-45-48-300x225.jpg\" alt=\"\" width=\"300\" height=\"225\"><\/p>\n<p data-sourcepos=\"7:1-7:348\">El pasado mes, nuestro instituto tuvo el privilegio de acoger una exposici\u00f3n que nos invit\u00f3 a reflexionar sobre la compleja realidad de los conflictos que asolan nuestro planeta. A trav\u00e9s de fotograf\u00edas, testimonios y datos, pudimos acercarnos a las historias de personas que viven en zonas de guerra, crisis humanitarias y tensiones geopol\u00edticas.<\/p>\n<p data-sourcepos=\"9:1-9:351\">La exposici\u00f3n nos record\u00f3 que, m\u00e1s all\u00e1 de las noticias y los titulares, cada conflicto tiene un impacto profundo en la vida de millones de personas. Pudimos ver los rostros de ni\u00f1os y ni\u00f1as desplazados, las dificultades de las comunidades que luchan por sobrevivir en medio de la violencia, y la valent\u00eda de quienes trabajan por la paz y la justicia.<\/p>\n<p data-sourcepos=\"11:1-11:298\">Uno de los aspectos m\u00e1s impactantes fue la diversidad de conflictos representados: desde la guerra en Ucrania hasta las crisis en Yemen, Siria y la Rep\u00fablica Democr\u00e1tica del Congo. Cada uno con sus propias causas y consecuencias, pero todos compartiendo el denominador com\u00fan del sufrimiento humano.<\/p>\n<p data-sourcepos=\"13:1-13:278\">Como estudiantes, nos preguntamos: \u00bfQu\u00e9 podemos hacer ante esta realidad? La exposici\u00f3n nos brind\u00f3 algunas respuestas: informarnos, sensibilizarnos, apoyar a las organizaciones humanitarias y exigir a nuestros l\u00edderes que trabajen por la paz y el respeto a los derechos humanos.<\/p>\n<p data-sourcepos=\"13:1-13:278\"><img loading=\"lazy\" decoding=\"async\" class=\"alignleft size-medium wp-image-4634\" src=\"https:\/\/blogsaverroes.juntadeandalucia.es\/iesrioandara\/files\/2025\/04\/PHOTO-2025-04-03-11-45-48_1-300x225.jpg\" alt=\"\" width=\"300\" height=\"225\"> <img loading=\"lazy\" decoding=\"async\" class=\"alignleft size-medium wp-image-4633\" src=\"https:\/\/blogsaverroes.juntadeandalucia.es\/iesrioandara\/files\/2025\/04\/PHOTO-2025-04-03-11-45-48_2-300x225.jpg\" alt=\"\" width=\"300\" height=\"225\"> <img loading=\"lazy\" decoding=\"async\" class=\"alignleft size-medium wp-image-4632\" src=\"https:\/\/blogsaverroes.juntadeandalucia.es\/iesrioandara\/files\/2025\/04\/PHOTO-2025-04-03-11-45-48_3-300x225.jpg\" alt=\"\" width=\"300\" height=\"225\"> <img loading=\"lazy\" decoding=\"async\" class=\"alignleft size-medium wp-image-4631\" src=\"https:\/\/blogsaverroes.juntadeandalucia.es\/iesrioandara\/files\/2025\/04\/PHOTO-2025-04-03-11-45-48_4-300x225.jpg\" alt=\"\" width=\"300\" height=\"225\"><\/p>\n","protected":false},"excerpt":{"rendered":"<p>El pasado mes, nuestro instituto tuvo el privilegio de acoger una exposici\u00f3n que nos invit\u00f3 a reflexionar sobre la compleja realidad de los conflictos que asolan nuestro planeta. A trav\u00e9s de fotograf\u00edas, testimonios y datos, pudimos acercarnos a las historias de personas que viven en zonas de guerra, crisis humanitarias y tensiones geopol\u00edticas. La exposici\u00f3n [&hellip;]<\/p>\n","protected":false},"author":17153,"featured_media":0,"comment_status":"closed","ping_status":"open","sticky":false,"template":"","format":"standard","meta":{"_et_pb_use_builder":"","_et_pb_old_content":"","_et_gb_content_width":"","ngg_post_thumbnail":0,"footnotes":""},"categories":[23,21],"tags":[],"aioseo_notices":[],"_links":{"self":[{"href":"https:\/\/blogsaverroes.juntadeandalucia.es\/iesrioandara\/wp-json\/wp\/v2\/posts\/4630"}],"collection":[{"href":"https:\/\/blogsaverroes.juntadeandalucia.es\/iesrioandara\/wp-json\/wp\/v2\/posts"}],"about":[{"href":"https:\/\/blogsaverroes.juntadeandalucia.es\/iesrioandara\/wp-json\/wp\/v2\/types\/post"}],"author":[{"embeddable":true,"href":"https:\/\/blogsaverroes.juntadeandalucia.es\/iesrioandara\/wp-json\/wp\/v2\/users\/17153"}],"replies":[{"embeddable":true,"href":"https:\/\/blogsaverroes.juntadeandalucia.es\/iesrioandara\/wp-json\/wp\/v2\/comments?post=4630"}],"version-history":[{"count":3,"href":"https:\/\/blogsaverroes.juntadeandalucia.es\/iesrioandara\/wp-json\/wp\/v2\/posts\/4630\/revisions"}],"predecessor-version":[{"id":4638,"href":"https:\/\/blogsaverroes.juntadeandalucia.es\/iesrioandara\/wp-json\/wp\/v2\/posts\/4630\/revisions\/4638"}],"wp:attachment":[{"href":"https:\/\/blogsaverroes.juntadeandalucia.es\/iesrioandara\/wp-json\/wp\/v2\/media?parent=4630"}],"wp:term":[{"taxonomy":"category","embeddable":true,"href":"https:\/\/blogsaverroes.juntadeandalucia.es\/iesrioandara\/wp-json\/wp\/v2\/categories?post=4630"},{"taxonomy":"post_tag","embeddable":true,"href":"https:\/\/blogsaverroes.juntadeandalucia.es\/iesrioandara\/wp-json\/wp\/v2\/tags?post=4630"}],"curies":[{"name":"wp","href":"https:\/\/api.w.org\/{rel}","templated":true}]}}