{"id":4886,"date":"2025-06-19T16:41:14","date_gmt":"2025-06-19T15:41:14","guid":{"rendered":"https:\/\/blogsaverroes.juntadeandalucia.es\/iesrioandara\/?p=4886"},"modified":"2025-06-19T16:42:58","modified_gmt":"2025-06-19T15:42:58","slug":"4886-2","status":"publish","type":"post","link":"https:\/\/blogsaverroes.juntadeandalucia.es\/iesrioandara\/4886-2\/","title":{"rendered":"\u00a1Celebrando con 3\u00ba B: Un D\u00eda Inolvidable de Pirag\u00fcismo y Alegr\u00eda!"},"content":{"rendered":"<p data-sourcepos=\"4:1-4:312\"><img loading=\"lazy\" decoding=\"async\" class=\"aligncenter size-medium wp-image-4888\" src=\"https:\/\/blogsaverroes.juntadeandalucia.es\/iesrioandara\/files\/2025\/06\/WhatsApp-Image-2025-06-13-at-11.18.14-300x225.jpeg\" alt=\"\" width=\"300\" height=\"225\">\u00a1Queremos compartir una noticia fant\u00e1stica con toda la comunidad del IES R\u00edo Andarax! Nuestros chicos y chicas de <strong>3\u00ba B<\/strong> se embarcaron ayer en una merecida aventura para celebrar su incre\u00edble logro: \u00a1ser la <strong>&#8220;Aula Feliz&#8221; de este trimestre<\/strong> por tener la clase m\u00e1s bonita!<\/p>\n<hr data-sourcepos=\"6:1-6:3\">\n<h3 data-sourcepos=\"8:1-8:43\">Un premio al esfuerzo y la colaboraci\u00f3n<\/h3>\n<p data-sourcepos=\"10:1-10:382\">Detr\u00e1s de esa &#8220;clase m\u00e1s bonita&#8221; hay mucho m\u00e1s que decoraci\u00f3n. Hay trabajo en equipo, orden, respeto, y un ambiente que fomenta el aprendizaje y la convivencia. Es el reflejo del esfuerzo conjunto de todos los alumnos y de la gu\u00eda de sus profesoras. \u00a1Nos sentimos inmensamente orgullosos de ver c\u00f3mo construyen un espacio donde la armon\u00eda y la belleza van de la mano con el estudio!<\/p>\n<hr data-sourcepos=\"12:1-12:3\">\n<h3 data-sourcepos=\"14:1-14:51\">\u00a1Al agua, patos! Una introducci\u00f3n al pirag\u00fcismo<\/h3>\n<p data-sourcepos=\"16:1-16:500\">Para celebrar este premio tan especial, la aventura nos llev\u00f3 al agua. Y no pudo ser de una mejor manera que de la mano de <strong>Mariano, nuestro incre\u00edble profesor &#8220;pirag\u00fcista&#8221;<\/strong>. \u00c9l fue el encargado de introducir a los alumnos en este fascinante deporte, compartiendo sus conocimientos y pasi\u00f3n. \u00a1Ver a los chicos manejando las palas, desliz\u00e1ndose por el agua y disfrutando de la naturaleza fue una experiencia fant\u00e1stica! Sin duda, Mariano ha encendido una chispa por el pirag\u00fcismo en muchos de ellos.<\/p>\n<p data-sourcepos=\"18:1-18:330\">Por supuesto, esta salida no habr\u00eda sido posible sin el acompa\u00f1amiento y la dedicaci\u00f3n de las <strong>profesoras organizadoras Caty y Sara<\/strong>. Su compromiso y su cari\u00f1o fueron fundamentales para que todo saliera a la perfecci\u00f3n y los alumnos disfrutaran de un d\u00eda seguro y lleno de diversi\u00f3n. \u00a1Much\u00edsimas gracias a todas por vuestra invaluable labor!<\/p>\n<p data-sourcepos=\"20:1-20:263\">Este d\u00eda fue mucho m\u00e1s que una simple salida; fue una celebraci\u00f3n de la unidad, el trabajo bien hecho y la importancia de disfrutar de los peque\u00f1os (y grandes) logros. \u00a1Enhorabuena, 3\u00ba B! Seguid as\u00ed, llenando de alegr\u00eda y belleza cada rinc\u00f3n de nuestro instituto.<\/p>\n<p data-sourcepos=\"20:1-20:263\"><img loading=\"lazy\" decoding=\"async\" class=\"aligncenter size-medium wp-image-4890\" src=\"https:\/\/blogsaverroes.juntadeandalucia.es\/iesrioandara\/files\/2025\/06\/WhatsApp-Image-2025-06-13-at-10.33.01-300x300.jpeg\" alt=\"\" width=\"300\" height=\"300\"> <img loading=\"lazy\" decoding=\"async\" class=\"aligncenter size-medium wp-image-4889\" src=\"https:\/\/blogsaverroes.juntadeandalucia.es\/iesrioandara\/files\/2025\/06\/WhatsApp-Image-2025-06-13-at-10.33.02-300x300.jpeg\" alt=\"\" width=\"300\" height=\"300\"> <img loading=\"lazy\" decoding=\"async\" class=\"aligncenter size-medium wp-image-4887\" src=\"https:\/\/blogsaverroes.juntadeandalucia.es\/iesrioandara\/files\/2025\/06\/WhatsApp-Image-2025-06-13-at-11.18.15-225x300.jpeg\" alt=\"\" width=\"225\" height=\"300\"><\/p>\n","protected":false},"excerpt":{"rendered":"<p>\u00a1Queremos compartir una noticia fant\u00e1stica con toda la comunidad del IES R\u00edo Andarax! Nuestros chicos y chicas de 3\u00ba B se embarcaron ayer en una merecida aventura para celebrar su incre\u00edble logro: \u00a1ser la &#8220;Aula Feliz&#8221; de este trimestre por tener la clase m\u00e1s bonita! Un premio al esfuerzo y la colaboraci\u00f3n Detr\u00e1s de esa [&hellip;]<\/p>\n","protected":false},"author":17153,"featured_media":0,"comment_status":"closed","ping_status":"open","sticky":false,"template":"","format":"standard","meta":{"_et_pb_use_builder":"","_et_pb_old_content":"","_et_gb_content_width":"","ngg_post_thumbnail":0,"footnotes":""},"categories":[19,15],"tags":[],"aioseo_notices":[],"_links":{"self":[{"href":"https:\/\/blogsaverroes.juntadeandalucia.es\/iesrioandara\/wp-json\/wp\/v2\/posts\/4886"}],"collection":[{"href":"https:\/\/blogsaverroes.juntadeandalucia.es\/iesrioandara\/wp-json\/wp\/v2\/posts"}],"about":[{"href":"https:\/\/blogsaverroes.juntadeandalucia.es\/iesrioandara\/wp-json\/wp\/v2\/types\/post"}],"author":[{"embeddable":true,"href":"https:\/\/blogsaverroes.juntadeandalucia.es\/iesrioandara\/wp-json\/wp\/v2\/users\/17153"}],"replies":[{"embeddable":true,"href":"https:\/\/blogsaverroes.juntadeandalucia.es\/iesrioandara\/wp-json\/wp\/v2\/comments?post=4886"}],"version-history":[{"count":3,"href":"https:\/\/blogsaverroes.juntadeandalucia.es\/iesrioandara\/wp-json\/wp\/v2\/posts\/4886\/revisions"}],"predecessor-version":[{"id":4893,"href":"https:\/\/blogsaverroes.juntadeandalucia.es\/iesrioandara\/wp-json\/wp\/v2\/posts\/4886\/revisions\/4893"}],"wp:attachment":[{"href":"https:\/\/blogsaverroes.juntadeandalucia.es\/iesrioandara\/wp-json\/wp\/v2\/media?parent=4886"}],"wp:term":[{"taxonomy":"category","embeddable":true,"href":"https:\/\/blogsaverroes.juntadeandalucia.es\/iesrioandara\/wp-json\/wp\/v2\/categories?post=4886"},{"taxonomy":"post_tag","embeddable":true,"href":"https:\/\/blogsaverroes.juntadeandalucia.es\/iesrioandara\/wp-json\/wp\/v2\/tags?post=4886"}],"curies":[{"name":"wp","href":"https:\/\/api.w.org\/{rel}","templated":true}]}}