{"id":2641,"date":"2025-04-21T16:20:17","date_gmt":"2025-04-21T15:20:17","guid":{"rendered":"https:\/\/blogsaverroes.juntadeandalucia.es\/iesrioverdemarbella\/?p=2641"},"modified":"2025-04-21T16:56:37","modified_gmt":"2025-04-21T15:56:37","slug":"becas_mec2025_26","status":"publish","type":"post","link":"https:\/\/blogsaverroes.juntadeandalucia.es\/iesrioverdemarbella\/becas_mec2025_26\/","title":{"rendered":"Becas MEC 2025-26. Solicitud Hasta 14 mayo 2025"},"content":{"rendered":"<p>&nbsp;<\/p>\n<p style=\"text-align: center\"><em><span style=\"font-size: 14pt\">Beca de car\u00e1cter general para el curso 2025\/2026, estudios postobligatorios<\/span><\/em><\/p>\n<p style=\"text-align: center\">[ <span style=\"font-size: 12pt\">desde el 24 de marzo <strong>hasta el 14 de mayo<\/strong> a las 15:00 ]<\/span><\/p>\n<p>&nbsp;<\/p>\n<hr>\n<p><em><strong><a title=\"Becas MEC 25-26\" href=\"https:\/\/www.boe.es\/diario_boe\/txt.php?id=BOE-B-2025-10203\" target=\"_blank\" rel=\"noopener\">Resoluci\u00f3n de 18 de marzo de 2025 de la Secretar\u00eda de Estado de Educaci\u00f3n, por la que se convocan becas de car\u00e1cter general para el curso acad\u00e9mico 2025-2026, para estudiantes que cursen estudios postobligatorios<\/a><\/strong><\/em><\/p>\n<hr>\n<p>&nbsp;<\/p>\n<p>Podr\u00e1n solicitar las becas de esta convocatoria los estudiantes que no superen una determinada renta y\/o patrimonio familiar, que cumplan unos determinados requisitos de aprovechamiento acad\u00e9mico y se encuentren cursando algunas de las siguientes ense\u00f1anzas:<\/p>\n<table style=\"border-collapse: collapse;width: 100%;height: 718px\">\n<tbody>\n<tr style=\"height: 81px\">\n<td style=\"width: 8.433735%;text-align: center;height: 81px\">(1)<\/td>\n<td style=\"width: 91.566265%;height: 81px\"><em>Ense\u00f1anzas postobligatorias y superiores no universitarias del sistema educativo espa\u00f1ol y con validez en todo el territorio nacional:<\/em><\/td>\n<\/tr>\n<tr style=\"height: 310px\">\n<td style=\"width: 8.433735%;text-align: center;height: 310px\">&nbsp;<\/td>\n<td style=\"width: 91.566265%;height: 310px\">\n<ol style=\"list-style-type: lower-alpha\">\n<li><span style=\"font-size: 10pt\">Primer y segundo cursos de bachillerato.<\/span><\/li>\n<li><span style=\"font-size: 10pt\">Ciclos de Formaci\u00f3n Profesional de grado medio y de grado superior, incluidos los estudios de formaci\u00f3n profesional realizados en los centros docentes militares.<\/span><\/li>\n<li><span style=\"font-size: 10pt\">Ense\u00f1anzas art\u00edsticas profesionales.<\/span><\/li>\n<li><span style=\"font-size: 10pt\">Ense\u00f1anzas deportivas.<\/span><\/li>\n<li><span style=\"font-size: 10pt\">Estudios religiosos superiores.<\/span><\/li>\n<li><span style=\"font-size: 10pt\">Estudios de idiomas realizados en escuelas oficiales de titularidad de las administraciones educativas, incluida la modalidad de distancia.<\/span><\/li>\n<li><span style=\"font-size: 10pt\">Cursos de acceso y cursos de preparaci\u00f3n para las pruebas de acceso a la formaci\u00f3n profesional y cursos de formaci\u00f3n espec\u00edficos para el acceso a los ciclos formativos de grado medio y de grado superior impartidos en centros p\u00fablicos y en centros privados concertados que tengan autorizadas ense\u00f1anzas de formaci\u00f3n profesional.<\/span><\/li>\n<li><span style=\"font-size: 10pt\">Ciclos Formativos de Grado B\u00e1sico<\/span>.<\/li>\n<\/ol>\n<\/td>\n<\/tr>\n<tr style=\"height: 66px\">\n<td style=\"width: 8.433735%;text-align: center;height: 66px\">(2)<\/td>\n<td style=\"width: 91.566265%;height: 66px\"><em>Ense\u00f1anzas art\u00edsticas superiores y ense\u00f1anzas universitarias del sistema universitario espa\u00f1ol cursadas en centros espa\u00f1oles y con validez en todo el territorio nacional:<\/em><\/td>\n<\/tr>\n<tr style=\"height: 238px\">\n<td style=\"width: 8.433735%;text-align: center;height: 238px\"><em>&nbsp;<\/em><\/td>\n<td style=\"width: 91.566265%;height: 238px\">\n<ol style=\"list-style-type: lower-alpha\">\n<li><span style=\"font-size: 10pt\">Ense\u00f1anzas art\u00edsticas superiores.<\/span><\/li>\n<li><span style=\"font-size: 10pt\">Ense\u00f1anzas universitarias conducentes a t\u00edtulos oficiales de grado y de m\u00e1ster, incluidos los estudios de grado y m\u00e1ster cursados en los centros universitarios de la defensa y de la guardia civil, as\u00ed como los cursados en el Centro Universitario de Formaci\u00f3n de la Polic\u00eda Nacional, O.A. Para la concesi\u00f3n de beca ser\u00e1 necesario que las tasas correspondientes deban ser abonadas a una universidad espa\u00f1ola.<\/span><\/li>\n<li><span style=\"font-size: 10pt\">Curso de preparaci\u00f3n para acceso a la universidad de mayores de 25 a\u00f1os impartido por universidades p\u00fablicas.<\/span><\/li>\n<li><span style=\"font-size: 10pt\">Complementos de formaci\u00f3n para acceso u obtenci\u00f3n del t\u00edtulo de m\u00e1ster y cr\u00e9ditos complementarios para la obtenci\u00f3n del t\u00edtulo de grado. No se incluyen en esta convocatoria las becas para la realizaci\u00f3n de estudios correspondientes al tercer ciclo o doctorado, estudios de especializaci\u00f3n ni t\u00edtulos propios de las universidades.<\/span><\/li>\n<\/ol>\n<\/td>\n<\/tr>\n<tr style=\"height: 23px\">\n<td style=\"width: 8.433735%;text-align: center;height: 23px\"><em>&nbsp;<\/em><\/td>\n<td style=\"width: 91.566265%;height: 23px\"><span style=\"font-size: 10pt\">La solicitud se deber\u00e1 cumplimentar mediante el formulario, por v\u00eda telem\u00e1tica: &nbsp;<a title=\"Sede electr\u00f3nica del Ministerio de Educaci\u00f3n\" href=\"https:\/\/sede.educacion.gob.es\/portada.html\" target=\"_blank\" rel=\"noopener\">sede electr\u00f3nica del Ministerio<\/a>.<\/span><\/td>\n<\/tr>\n<\/tbody>\n<\/table>\n<p>&nbsp;<\/p>\n<p>&nbsp;<\/p>\n","protected":false},"excerpt":{"rendered":"<p>&nbsp; Beca de car\u00e1cter general para el curso 2025\/2026, estudios postobligatorios [ desde el 24 de marzo hasta el 14 de mayo a las 15:00 ] &nbsp; Resoluci\u00f3n de 18 de marzo de 2025 de la Secretar\u00eda de Estado de Educaci\u00f3n, por la que se convocan becas de car\u00e1cter general para el curso acad\u00e9mico 2025-2026, [&hellip;]<\/p>\n","protected":false},"author":20722,"featured_media":2644,"comment_status":"closed","ping_status":"open","sticky":false,"template":"","format":"standard","meta":{"_et_pb_use_builder":"","_et_pb_old_content":"","_et_gb_content_width":"","ngg_post_thumbnail":0,"footnotes":""},"categories":[3],"tags":[],"aioseo_notices":[],"_links":{"self":[{"href":"https:\/\/blogsaverroes.juntadeandalucia.es\/iesrioverdemarbella\/wp-json\/wp\/v2\/posts\/2641"}],"collection":[{"href":"https:\/\/blogsaverroes.juntadeandalucia.es\/iesrioverdemarbella\/wp-json\/wp\/v2\/posts"}],"about":[{"href":"https:\/\/blogsaverroes.juntadeandalucia.es\/iesrioverdemarbella\/wp-json\/wp\/v2\/types\/post"}],"author":[{"embeddable":true,"href":"https:\/\/blogsaverroes.juntadeandalucia.es\/iesrioverdemarbella\/wp-json\/wp\/v2\/users\/20722"}],"replies":[{"embeddable":true,"href":"https:\/\/blogsaverroes.juntadeandalucia.es\/iesrioverdemarbella\/wp-json\/wp\/v2\/comments?post=2641"}],"version-history":[{"count":14,"href":"https:\/\/blogsaverroes.juntadeandalucia.es\/iesrioverdemarbella\/wp-json\/wp\/v2\/posts\/2641\/revisions"}],"predecessor-version":[{"id":2657,"href":"https:\/\/blogsaverroes.juntadeandalucia.es\/iesrioverdemarbella\/wp-json\/wp\/v2\/posts\/2641\/revisions\/2657"}],"wp:featuredmedia":[{"embeddable":true,"href":"https:\/\/blogsaverroes.juntadeandalucia.es\/iesrioverdemarbella\/wp-json\/wp\/v2\/media\/2644"}],"wp:attachment":[{"href":"https:\/\/blogsaverroes.juntadeandalucia.es\/iesrioverdemarbella\/wp-json\/wp\/v2\/media?parent=2641"}],"wp:term":[{"taxonomy":"category","embeddable":true,"href":"https:\/\/blogsaverroes.juntadeandalucia.es\/iesrioverdemarbella\/wp-json\/wp\/v2\/categories?post=2641"},{"taxonomy":"post_tag","embeddable":true,"href":"https:\/\/blogsaverroes.juntadeandalucia.es\/iesrioverdemarbella\/wp-json\/wp\/v2\/tags?post=2641"}],"curies":[{"name":"wp","href":"https:\/\/api.w.org\/{rel}","templated":true}]}}