{"id":2960,"date":"2025-10-01T17:43:52","date_gmt":"2025-10-01T16:43:52","guid":{"rendered":"https:\/\/blogsaverroes.juntadeandalucia.es\/iesrioverdemarbella\/?p=2960"},"modified":"2025-10-06T20:18:59","modified_gmt":"2025-10-06T19:18:59","slug":"delf-ceremonie-de-remise-des-diplomes","status":"publish","type":"post","link":"https:\/\/blogsaverroes.juntadeandalucia.es\/iesrioverdemarbella\/delf-ceremonie-de-remise-des-diplomes\/","title":{"rendered":"DELF &#8211; C\u00e9r\u00e9monie de Remise des Dipl\u00f4mes"},"content":{"rendered":"<p>[et_pb_section fb_built=&#8221;1&#8243; _builder_version=&#8221;4.16&#8243; global_colors_info=&#8221;{}&#8221;][et_pb_row _builder_version=&#8221;4.16&#8243; background_size=&#8221;initial&#8221; background_position=&#8221;top_left&#8221; background_repeat=&#8221;repeat&#8221; global_colors_info=&#8221;{}&#8221;][et_pb_column type=&#8221;4_4&#8243; _builder_version=&#8221;4.16&#8243; custom_padding=&#8221;|||&#8221; global_colors_info=&#8221;{}&#8221; custom_padding__hover=&#8221;|||&#8221;][et_pb_text _builder_version=&#8221;4.24.2&#8243; background_size=&#8221;initial&#8221; background_position=&#8221;top_left&#8221; background_repeat=&#8221;repeat&#8221; hover_enabled=&#8221;0&#8243; global_colors_info=&#8221;{}&#8221; sticky_enabled=&#8221;0&#8243;]<\/p>\n<p>Hier, mardi 30 octobre, a eu lieu la remise des dipl\u00f4mes DELF, dans le Sal\u00f3n de Actos du lyc\u00e9e, en pr\u00e9sence du D\u00e9partement de Fran\u00e7ais et de l\u2019\u00c9quipe de Direction.<\/p>\n<p>Ces dipl\u00f4mes de langue fran\u00e7aise, reconnus internationalement, \u00e9valuent la ma\u00eetrise des diff\u00e9rentes comp\u00e9tences en fonction des niveaux d\u00e9finis par le Cadre Europ\u00e9en Commun de R\u00e9f\u00e9rence pour les Langues (CECRL). Dans notre \u00e9tablissement, les \u00e9l\u00e8ves de 3\u00ba ESO se pr\u00e9sentent g\u00e9n\u00e9ralement au niveau A2, ceux de 1\u00ba Bachillerato (1\u00e8re langue) au niveau B1, et ceux de 2\u00ba Bachillerato (1\u00e8re langue) au niveau B2.<\/p>\n<p>C\u2019est donc avec un grand plaisir que nous nous sommes tous r\u00e9unis pour c\u00e9l\u00e9brer leur r\u00e9ussite aux examens du DELF A2, B1 et B2. En effet, il ne s\u2019agit pas seulement d\u2019un dipl\u00f4me mais de la reconnaissance de leur travail, de leur pers\u00e9v\u00e9rance et de leur d\u00e9sir de progresser en fran\u00e7ais.<\/p>\n<p>Nous sommes vraiment tr\u00e8s fiers d\u2019eux : ce certificat les accompagnera d\u00e9sormais tout au long de leur parcours scolaire et professionnel. Il t\u00e9moigne de leur ouverture au monde et de leur curiosit\u00e9 envers la culture francophone.<\/p>\n<p>Au nom du D\u00e9partement de Fran\u00e7ais, nous leur adressons toutes nos f\u00e9licitations. Nous les encourageons \u00e0 continuer \u00e0 apprendre et \u00e0 parler le fran\u00e7ais. Nous esp\u00e9rons que ce dipl\u00f4me sera pour chacun d\u2019eux un tremplin, une \u00e9tape qui leur donnera envie de poursuivre leurs efforts jusqu\u2019aux niveaux sup\u00e9rieurs.<\/p>\n<p>Bravo \u00e0 toutes et \u00e0 tous ! F\u00e9licitations pour cette belle r\u00e9ussite !<\/p>\n<p>Le D\u00e9partement de Fran\u00e7ais<\/p>\n<hr>\n<p><i>Ayer, martes 30 de octubre, tuvo lugar la entrega de los diplomas DELF a nuestros alumnos, en el Sal\u00f3n de Actos del instituto, en presencia del Departamento de Franc\u00e9s y del Equipo Directivo.<\/i><\/p>\n<p><i>Estos diplomas de lengua francesa, reconocidos internacionalmente, eval\u00faan el dominio de las diferentes competencias en funci\u00f3n de los niveles definidos por el Marco Com\u00fan Europeo de Referencia para las Lenguas (MCER). En nuestro centro, los alumnos de 3\u00ba ESO suelen presentarse al nivel A2, los de 1\u00ba de Bachillerato (1\u00aa lengua) al nivel B1 y los de 2\u00ba de Bachillerato (1\u00aa lengua) al nivel B2.<\/i><\/p>\n<p><i>Fue, por tanto, un gran placer reunirnos todos para celebrar su \u00e9xito en los ex\u00e1menes DELF A2, B1 y B2. Porque no se trata \u00fanicamente de un diploma, sino del reconocimiento de su trabajo, de su constancia y de su deseo de progresar en franc\u00e9s.<\/i><\/p>\n<p><i>Estamos verdaderamente muy orgullosos de ellos: este certificado les acompa\u00f1ar\u00e1 a lo largo de todo su recorrido acad\u00e9mico y profesional. Da testimonio de su apertura al mundo y de su curiosidad hacia la cultura franc\u00f3fona.<\/i><\/p>\n<p><i>En nombre del Departamento de Franc\u00e9s, quer\u00edamos felicitarles. Les animamos a seguir aprendiendo y practicando el franc\u00e9s. Esperamos que este diploma sea para cada uno de ellos un paso, una etapa que les motive a continuar con sus esfuerzos hasta alcanzar niveles superiores.<\/i><\/p>\n<p><i>\u00a1Enhorabuena a todos y todas! \u00a1Felicidades por este gran logro!<\/i><\/p>\n<p><i>El Departamento de Franc\u00e9s<\/i><\/p>\n<p>[\/et_pb_text][\/et_pb_column][\/et_pb_row][\/et_pb_section][et_pb_section fb_built=&#8221;1&#8243; _builder_version=&#8221;4.24.2&#8243; _module_preset=&#8221;default&#8221; global_colors_info=&#8221;{}&#8221;][et_pb_row _builder_version=&#8221;4.24.2&#8243; _module_preset=&#8221;default&#8221; global_colors_info=&#8221;{}&#8221;][et_pb_column type=&#8221;4_4&#8243; _builder_version=&#8221;4.24.2&#8243; _module_preset=&#8221;default&#8221; global_colors_info=&#8221;{}&#8221;][et_pb_image src=&#8221;https:\/\/blogsaverroes.juntadeandalucia.es\/iesrioverdemarbella\/files\/2025\/10\/Foto-alumnos.jpg&#8221; _builder_version=&#8221;4.24.2&#8243; _module_preset=&#8221;default&#8221; global_colors_info=&#8221;{}&#8221;][\/et_pb_image][\/et_pb_column][\/et_pb_row][\/et_pb_section]<\/p>\n","protected":false},"excerpt":{"rendered":"<p>Hier, mardi 30 octobre, a eu lieu la remise des dipl\u00f4mes DELF, dans le Sal\u00f3n de Actos du lyc\u00e9e, en pr\u00e9sence du D\u00e9partement de Fran\u00e7ais et de l\u2019\u00c9quipe de Direction. Ces dipl\u00f4mes de langue fran\u00e7aise, reconnus internationalement, \u00e9valuent la ma\u00eetrise des diff\u00e9rentes comp\u00e9tences en fonction des niveaux d\u00e9finis par le Cadre Europ\u00e9en Commun de R\u00e9f\u00e9rence [&hellip;]<\/p>\n","protected":false},"author":20722,"featured_media":2970,"comment_status":"closed","ping_status":"open","sticky":false,"template":"","format":"standard","meta":{"_et_pb_use_builder":"on","_et_pb_old_content":"<p>Hier, mardi 30 octobre, a eu lieu la remise des dipl\u00f4mes DELF, dans le Sal\u00f3n de Actos du lyc\u00e9e, en pr\u00e9sence du D\u00e9partement de Fran\u00e7ais et de l\u2019\u00c9quipe de Direction.<\/p><p>Ces dipl\u00f4mes de langue fran\u00e7aise, reconnus internationalement, \u00e9valuent la ma\u00eetrise des diff\u00e9rentes comp\u00e9tences en fonction des niveaux d\u00e9finis par le Cadre Europ\u00e9en Commun de R\u00e9f\u00e9rence pour les Langues (CECRL). Dans notre \u00e9tablissement, les \u00e9l\u00e8ves de 3\u00ba ESO se pr\u00e9sentent g\u00e9n\u00e9ralement au niveau A2, ceux de 1\u00ba Bachillerato (1\u00e8re langue) au niveau B1, et ceux de 2\u00ba Bachillerato (1\u00e8re langue) au niveau B2.<\/p><p>C\u2019est donc avec un grand plaisir que nous nous sommes tous r\u00e9unis pour c\u00e9l\u00e9brer leur r\u00e9ussite aux examens du DELF A2, B1 et B2. En effet, il ne s\u2019agit pas seulement d\u2019un dipl\u00f4me mais de la reconnaissance de leur travail, de leur pers\u00e9v\u00e9rance et de leur d\u00e9sir de progresser en fran\u00e7ais.<\/p><p>Nous sommes vraiment tr\u00e8s fiers d\u2019eux : ce certificat les accompagnera d\u00e9sormais tout au long de leur parcours scolaire et professionnel. Il t\u00e9moigne de leur ouverture au monde et de leur curiosit\u00e9 envers la culture francophone.<\/p><p>Au nom du D\u00e9partement de Fran\u00e7ais, nous leur adressons toutes nos f\u00e9licitations. Nous les encourageons \u00e0 continuer \u00e0 apprendre et \u00e0 parler le fran\u00e7ais. Nous esp\u00e9rons que ce dipl\u00f4me sera pour chacun d\u2019eux un tremplin, une \u00e9tape qui leur donnera envie de poursuivre leurs efforts jusqu\u2019aux niveaux sup\u00e9rieurs.<\/p><p>Bravo \u00e0 toutes et \u00e0 tous ! F\u00e9licitations pour cette belle r\u00e9ussite !<\/p><p>Le D\u00e9partement de Fran\u00e7ais<\/p><hr><p><i>Ayer, martes 30 de octubre, tuvo lugar la entrega de los diplomas DELF a nuestros alumnos, en el Sal\u00f3n de Actos del instituto, en presencia del Departamento de Franc\u00e9s y del Equipo Directivo.<\/i><\/p><p><i>Estos diplomas de lengua francesa, reconocidos internacionalmente, eval\u00faan el dominio de las diferentes competencias en funci\u00f3n de los niveles definidos por el Marco Com\u00fan Europeo de Referencia para las Lenguas (MCER). En nuestro centro, los alumnos de 3\u00ba ESO suelen presentarse al nivel A2, los de 1\u00ba de Bachillerato (1\u00aa lengua) al nivel B1 y los de 2\u00ba de Bachillerato (1\u00aa lengua) al nivel B2.<\/i><\/p><p><i>Fue, por tanto, un gran placer reunirnos todos para celebrar su \u00e9xito en los ex\u00e1menes DELF A2, B1 y B2. Porque no se trata \u00fanicamente de un diploma, sino del reconocimiento de su trabajo, de su constancia y de su deseo de progresar en franc\u00e9s.<\/i><\/p><p><i>Estamos verdaderamente muy orgullosos de ellos: este certificado les acompa\u00f1ar\u00e1 a lo largo de todo su recorrido acad\u00e9mico y profesional. Da testimonio de su apertura al mundo y de su curiosidad hacia la cultura franc\u00f3fona.<\/i><\/p><p><i>En nombre del Departamento de Franc\u00e9s, quer\u00edamos felicitarles. Les animamos a seguir aprendiendo y practicando el franc\u00e9s. Esperamos que este diploma sea para cada uno de ellos un paso, una etapa que les motive a continuar con sus esfuerzos hasta alcanzar niveles superiores.<\/i><\/p><p><i>\u00a1Enhorabuena a todos y todas! \u00a1Felicidades por este gran logro!<\/i><\/p><p><i>El Departamento de Franc\u00e9s<\/i><\/p>","_et_gb_content_width":"","ngg_post_thumbnail":0,"footnotes":""},"categories":[3,4],"tags":[],"aioseo_notices":[],"_links":{"self":[{"href":"https:\/\/blogsaverroes.juntadeandalucia.es\/iesrioverdemarbella\/wp-json\/wp\/v2\/posts\/2960"}],"collection":[{"href":"https:\/\/blogsaverroes.juntadeandalucia.es\/iesrioverdemarbella\/wp-json\/wp\/v2\/posts"}],"about":[{"href":"https:\/\/blogsaverroes.juntadeandalucia.es\/iesrioverdemarbella\/wp-json\/wp\/v2\/types\/post"}],"author":[{"embeddable":true,"href":"https:\/\/blogsaverroes.juntadeandalucia.es\/iesrioverdemarbella\/wp-json\/wp\/v2\/users\/20722"}],"replies":[{"embeddable":true,"href":"https:\/\/blogsaverroes.juntadeandalucia.es\/iesrioverdemarbella\/wp-json\/wp\/v2\/comments?post=2960"}],"version-history":[{"count":5,"href":"https:\/\/blogsaverroes.juntadeandalucia.es\/iesrioverdemarbella\/wp-json\/wp\/v2\/posts\/2960\/revisions"}],"predecessor-version":[{"id":2975,"href":"https:\/\/blogsaverroes.juntadeandalucia.es\/iesrioverdemarbella\/wp-json\/wp\/v2\/posts\/2960\/revisions\/2975"}],"wp:featuredmedia":[{"embeddable":true,"href":"https:\/\/blogsaverroes.juntadeandalucia.es\/iesrioverdemarbella\/wp-json\/wp\/v2\/media\/2970"}],"wp:attachment":[{"href":"https:\/\/blogsaverroes.juntadeandalucia.es\/iesrioverdemarbella\/wp-json\/wp\/v2\/media?parent=2960"}],"wp:term":[{"taxonomy":"category","embeddable":true,"href":"https:\/\/blogsaverroes.juntadeandalucia.es\/iesrioverdemarbella\/wp-json\/wp\/v2\/categories?post=2960"},{"taxonomy":"post_tag","embeddable":true,"href":"https:\/\/blogsaverroes.juntadeandalucia.es\/iesrioverdemarbella\/wp-json\/wp\/v2\/tags?post=2960"}],"curies":[{"name":"wp","href":"https:\/\/api.w.org\/{rel}","templated":true}]}}