{"id":2965,"date":"2025-10-30T11:46:56","date_gmt":"2025-10-30T10:46:56","guid":{"rendered":"https:\/\/blogsaverroes.juntadeandalucia.es\/iesrioverdemarbella\/?p=2965"},"modified":"2025-12-18T16:58:03","modified_gmt":"2025-12-18T15:58:03","slug":"concurso-de-fotografia-contra-la-violencia-de-genero","status":"publish","type":"post","link":"https:\/\/blogsaverroes.juntadeandalucia.es\/iesrioverdemarbella\/concurso-de-fotografia-contra-la-violencia-de-genero\/","title":{"rendered":"Concurso de Fotograf\u00eda Contra la Violencia de G\u00e9nero"},"content":{"rendered":"<p>[et_pb_section fb_built=&#8221;1&#8243; _builder_version=&#8221;4.16&#8243; global_colors_info=&#8221;{}&#8221;][et_pb_row _builder_version=&#8221;4.16&#8243; background_size=&#8221;initial&#8221; background_position=&#8221;top_left&#8221; background_repeat=&#8221;repeat&#8221; global_colors_info=&#8221;{}&#8221; column_structure=&#8221;2_5,3_5&#8243;][et_pb_column type=&#8221;2_5&#8243; _builder_version=&#8221;4.16&#8243; custom_padding=&#8221;|||&#8221; global_colors_info=&#8221;{}&#8221; custom_padding__hover=&#8221;|||&#8221;][\/et_pb_column][et_pb_column type=&#8221;3_5&#8243; _builder_version=&#8221;4.16&#8243; custom_padding=&#8221;|||&#8221; global_colors_info=&#8221;{}&#8221; custom_padding__hover=&#8221;|||&#8221;][et_pb_text _builder_version=&#8221;4.16&#8243; background_size=&#8221;initial&#8221; background_position=&#8221;top_left&#8221; background_repeat=&#8221;repeat&#8221; hover_enabled=&#8221;0&#8243; global_colors_info=&#8221;{}&#8221; sticky_enabled=&#8221;0&#8243;]<\/p>\n<p class=\"p1\">&nbsp;<\/p>\n<hr>\n<p style=\"text-align: center\"><em><span style=\"text-decoration: underline\"><span style=\"font-size: 18pt\"><strong><span style=\"color: #0000ff\"><a href=\"https:\/\/blogsaverroes.juntadeandalucia.es\/iesrioverdemarbella\/files\/2025\/10\/cartel-y-bases-del-concurso_compressed.pdf\"><span style=\"font-size: 18pt;color: #0000ff;text-decoration: underline\">Cartel y Bases del Concurso<\/span><\/a><\/span><\/strong><\/span><\/span><\/em><\/p>\n<hr>\n<p>&nbsp;<\/p>\n<p><em>Con motivo del D\u00eda Internacional de la Eliminaci\u00f3n de la Violencia contra las Mujeres, el 25 de noviembre, el IES R\u00edo Verde de Marbella convoca el Concurso de Fotograf\u00eda <span class=\"s1\"><b>\u201cCONTRA LA <\/b><\/span><span class=\"s1\"><b>VIOLENCIA DE G\u00c9NERO\u201d. <\/b><\/span>Este concurso tiene como objetivos la sensibilizaci\u00f3n y prevenci\u00f3n de la violencia de g\u00e9nero a trav\u00e9s de la imagen, construir entre todos los sectores de la comunidad educativa par\u00e1metros para una relaci\u00f3n sana basada en valores igualitarios, y difundir los trabajos mediante un calendario y una galer\u00eda fotogr\u00e1fica. La participaci\u00f3n en este concurso implica la plena aceptaci\u00f3n de las presentes bases y la resoluci\u00f3n por la organizaci\u00f3n de cualquier eventualidad no contemplada en las mismas.<\/em><br \/>\n[\/et_pb_text][\/et_pb_column][\/et_pb_row][\/et_pb_section]<\/p>\n","protected":false},"excerpt":{"rendered":"<p>&nbsp; Cartel y Bases del Concurso &nbsp; Con motivo del D\u00eda Internacional de la Eliminaci\u00f3n de la Violencia contra las Mujeres, el 25 de noviembre, el IES R\u00edo Verde de Marbella convoca el Concurso de Fotograf\u00eda \u201cCONTRA LA VIOLENCIA DE G\u00c9NERO\u201d. Este concurso tiene como objetivos la sensibilizaci\u00f3n y prevenci\u00f3n de la violencia de g\u00e9nero [&hellip;]<\/p>\n","protected":false},"author":20722,"featured_media":3002,"comment_status":"closed","ping_status":"open","sticky":false,"template":"","format":"standard","meta":{"_et_pb_use_builder":"on","_et_pb_old_content":"<p class=\"p1\">\u00a0<\/p><hr><p style=\"text-align: center;\"><em><span style=\"text-decoration: underline;\"><span style=\"font-size: 18pt;\"><strong><span style=\"color: #0000ff;\"><a href=\"https:\/\/blogsaverroes.juntadeandalucia.es\/iesrioverdemarbella\/files\/2025\/10\/cartel-y-bases-del-concurso_compressed.pdf\"><span style=\"font-size: 18pt; color: #0000ff; text-decoration: underline;\">Cartel y Bases del Concurso<\/span><\/a><\/span><\/strong><\/span><\/span><\/em><\/p><hr><p>\u00a0<\/p><p><em>Con motivo del D\u00eda Internacional de la Eliminaci\u00f3n de la Violencia contra las Mujeres, el 25 de noviembre, el IES R\u00edo Verde de Marbella convoca el Concurso de Fotograf\u00eda <span class=\"s1\"><b>\u201cCONTRA LA <\/b><\/span><span class=\"s1\"><b>VIOLENCIA DE G\u00c9NERO\u201d. <\/b><\/span>Este concurso tiene como objetivos la sensibilizaci\u00f3n y prevenci\u00f3n de la violencia de g\u00e9nero a trav\u00e9s de la imagen, construir entre todos los sectores de la comunidad educativa par\u00e1metros para una relaci\u00f3n sana basada en valores igualitarios, y difundir los trabajos mediante un calendario y una galer\u00eda fotogr\u00e1fica. La participaci\u00f3n en este concurso implica la plena aceptaci\u00f3n de las presentes bases y la resoluci\u00f3n por la organizaci\u00f3n de cualquier eventualidad no contemplada en las mismas.<\/em><\/p>","_et_gb_content_width":"","ngg_post_thumbnail":0,"footnotes":""},"categories":[3,4],"tags":[],"aioseo_notices":[],"_links":{"self":[{"href":"https:\/\/blogsaverroes.juntadeandalucia.es\/iesrioverdemarbella\/wp-json\/wp\/v2\/posts\/2965"}],"collection":[{"href":"https:\/\/blogsaverroes.juntadeandalucia.es\/iesrioverdemarbella\/wp-json\/wp\/v2\/posts"}],"about":[{"href":"https:\/\/blogsaverroes.juntadeandalucia.es\/iesrioverdemarbella\/wp-json\/wp\/v2\/types\/post"}],"author":[{"embeddable":true,"href":"https:\/\/blogsaverroes.juntadeandalucia.es\/iesrioverdemarbella\/wp-json\/wp\/v2\/users\/20722"}],"replies":[{"embeddable":true,"href":"https:\/\/blogsaverroes.juntadeandalucia.es\/iesrioverdemarbella\/wp-json\/wp\/v2\/comments?post=2965"}],"version-history":[{"count":10,"href":"https:\/\/blogsaverroes.juntadeandalucia.es\/iesrioverdemarbella\/wp-json\/wp\/v2\/posts\/2965\/revisions"}],"predecessor-version":[{"id":3399,"href":"https:\/\/blogsaverroes.juntadeandalucia.es\/iesrioverdemarbella\/wp-json\/wp\/v2\/posts\/2965\/revisions\/3399"}],"wp:featuredmedia":[{"embeddable":true,"href":"https:\/\/blogsaverroes.juntadeandalucia.es\/iesrioverdemarbella\/wp-json\/wp\/v2\/media\/3002"}],"wp:attachment":[{"href":"https:\/\/blogsaverroes.juntadeandalucia.es\/iesrioverdemarbella\/wp-json\/wp\/v2\/media?parent=2965"}],"wp:term":[{"taxonomy":"category","embeddable":true,"href":"https:\/\/blogsaverroes.juntadeandalucia.es\/iesrioverdemarbella\/wp-json\/wp\/v2\/categories?post=2965"},{"taxonomy":"post_tag","embeddable":true,"href":"https:\/\/blogsaverroes.juntadeandalucia.es\/iesrioverdemarbella\/wp-json\/wp\/v2\/tags?post=2965"}],"curies":[{"name":"wp","href":"https:\/\/api.w.org\/{rel}","templated":true}]}}