{"id":3213,"date":"2025-12-09T17:26:20","date_gmt":"2025-12-09T16:26:20","guid":{"rendered":"https:\/\/blogsaverroes.juntadeandalucia.es\/iesrioverdemarbella\/?p=3213"},"modified":"2025-12-09T17:51:51","modified_gmt":"2025-12-09T16:51:51","slug":"3213-2","status":"publish","type":"post","link":"https:\/\/blogsaverroes.juntadeandalucia.es\/iesrioverdemarbella\/3213-2\/","title":{"rendered":"Concours de cartes de No\u00ebl en fran\u00e7ais"},"content":{"rendered":"<p>[et_pb_section fb_built=&#8221;1&#8243; _builder_version=&#8221;4.16&#8243; global_colors_info=&#8221;{}&#8221;][et_pb_row column_structure=&#8221;1_3,2_3&#8243; _builder_version=&#8221;4.16&#8243; background_size=&#8221;initial&#8221; background_position=&#8221;top_left&#8221; background_repeat=&#8221;repeat&#8221; global_colors_info=&#8221;{}&#8221;][et_pb_column type=&#8221;1_3&#8243; _builder_version=&#8221;4.16&#8243; custom_padding=&#8221;|||&#8221; global_colors_info=&#8221;{}&#8221; custom_padding__hover=&#8221;|||&#8221;][et_pb_image src=&#8221;https:\/\/blogsaverroes.juntadeandalucia.es\/iesrioverdemarbella\/files\/2025\/12\/PHOTO-2025-12-09-13-51-50-4.jpg&#8221; admin_label=&#8221;Noel&#8221; _builder_version=&#8221;4.24.2&#8243; _module_preset=&#8221;default&#8221; global_colors_info=&#8221;{}&#8221;][\/et_pb_image][\/et_pb_column][et_pb_column type=&#8221;2_3&#8243; _builder_version=&#8221;4.16&#8243; custom_padding=&#8221;|||&#8221; global_colors_info=&#8221;{}&#8221; custom_padding__hover=&#8221;|||&#8221;][et_pb_text _builder_version=&#8221;4.24.2&#8243; background_size=&#8221;initial&#8221; background_position=&#8221;top_left&#8221; background_repeat=&#8221;repeat&#8221; global_colors_info=&#8221;{}&#8221;]<\/p>\n<table style=\"border-collapse: collapse;width: 94.005709%;height: 175px\">\n<tbody>\n<tr>\n<td style=\"width: 100%\">\n<p><span style=\"font-size: 10pt\"><img loading=\"lazy\" decoding=\"async\" class=\"an1\" src=\"https:\/\/fonts.gstatic.com\/s\/e\/notoemoji\/16.0\/1f1eb_1f1f7\/72.png\" alt=\"\ud83c\uddeb\ud83c\uddf7\" width=\"38\" height=\"38\" data-emoji=\"\ud83c\uddeb\ud83c\uddf7\" aria-label=\"\ud83c\uddeb\ud83c\uddf7\"> &nbsp;&nbsp;<span style=\"font-family: 'comic sans ms', sans-serif\">*Concours de cartes de No\u00ebl en fran\u00e7ais: du 1er au 12 d\u00e9cembre*&nbsp;<\/span><\/span><\/p>\n<hr>\n<\/td>\n<\/tr>\n<tr>\n<td style=\"width: 100%\"><span style=\"font-family: 'comic sans ms', sans-serif;font-size: 10pt\">Cr\u00e9e ta carte de No\u00ebl en fran\u00e7ais avec un petit message pour une personne \u00e2g\u00e9e.<\/span><br \/><span style=\"font-size: 10pt\"> <span style=\"font-family: 'comic sans ms', sans-serif\">Technique libre: laisse voler ton imagination!<\/span><span style=\"font-family: 'comic sans ms', sans-serif\">Toutes les cartes seront expos\u00e9es dans le hall du lyc\u00e9e puis envoy\u00e9es \u00e0 l&#8217;EHPAD de Rochefort-en-Terre en France.<\/span><span style=\"font-family: 'comic sans ms', sans-serif\">Sans plus attendre, remets ta carte \u00e0 ton professeur de fran\u00e7ais!<\/span> <span style=\"font-family: 'comic sans ms', sans-serif\">Les plus belles cr\u00e9ations seront r\u00e9compens\u00e9es !<\/span><\/span><\/td>\n<\/tr>\n<\/tbody>\n<\/table>\n<table style=\"border-collapse: collapse;width: 93.815414%;height: 172px\">\n<tbody>\n<tr>\n<td style=\"width: 100%\">\n<p><span style=\"font-size: 10pt\"><img loading=\"lazy\" decoding=\"async\" class=\"an1\" src=\"https:\/\/fonts.gstatic.com\/s\/e\/notoemoji\/16.0\/1f1ea_1f1f8\/72.png\" alt=\"\ud83c\uddea\ud83c\uddf8\" width=\"42\" height=\"42\" data-emoji=\"\ud83c\uddea\ud83c\uddf8\" aria-label=\"\ud83c\uddea\ud83c\uddf8\">&nbsp; &nbsp;<span style=\"font-family: 'book antiqua', palatino, serif\">*Concurso de tarjetas de Navidad en franc\u00e9s: del 1 al 12 de diciembre*<\/span>&nbsp;<\/span><\/p>\n<hr>\n<\/td>\n<\/tr>\n<tr>\n<td style=\"width: 100%\"><span style=\"font-family: 'book antiqua', palatino, serif;font-size: 10pt\">Crea tu tarjeta de Navidad en franc\u00e9s con un peque\u00f1o mensaje para una persona mayor.<\/span><br \/><span style=\"font-size: 10pt\"> <span style=\"font-family: 'book antiqua', palatino, serif\">T\u00e9cnica libre: \u00a1deja volar tu imaginaci\u00f3n!<\/span><span style=\"font-family: 'book antiqua', palatino, serif\">Todas las tarjetas se expondr\u00e1n en el hall de entrada del instituto y luego se enviar\u00e1n a la residencia de ancianos de Rochefort-en-Terre en Francia. <\/span><span style=\"font-family: 'book antiqua', palatino, serif\">\u00a1No esperes m\u00e1s y entrega tu tarjeta a tu profesor de franc\u00e9s!<\/span> <span style=\"font-family: 'book antiqua', palatino, serif\">Las mejores creaciones ser\u00e1n premiadas.<\/span><\/span><\/td>\n<\/tr>\n<\/tbody>\n<\/table>\n<p>&nbsp;<\/p>\n<p>[\/et_pb_text][\/et_pb_column][\/et_pb_row][\/et_pb_section]<\/p>\n","protected":false},"excerpt":{"rendered":"<p>&nbsp;&nbsp;*Concours de cartes de No\u00ebl en fran\u00e7ais: du 1er au 12 d\u00e9cembre*&nbsp; Cr\u00e9e ta carte de No\u00ebl en fran\u00e7ais avec un petit message pour une personne \u00e2g\u00e9e. Technique libre: laisse voler ton imagination!Toutes les cartes seront expos\u00e9es dans le hall du lyc\u00e9e puis envoy\u00e9es \u00e0 l&#8217;EHPAD de Rochefort-en-Terre en France.Sans plus attendre, remets ta carte [&hellip;]<\/p>\n","protected":false},"author":20722,"featured_media":3242,"comment_status":"closed","ping_status":"open","sticky":false,"template":"","format":"standard","meta":{"_et_pb_use_builder":"on","_et_pb_old_content":"<table style=\"border-collapse: collapse; width: 100%;\"><tbody><tr><td style=\"width: 100%;\"><p><img class=\"an1\" src=\"https:\/\/fonts.gstatic.com\/s\/e\/notoemoji\/16.0\/1f1eb_1f1f7\/72.png\" alt=\"\ud83c\uddeb\ud83c\uddf7\" data-emoji=\"\ud83c\uddeb\ud83c\uddf7\" aria-label=\"\ud83c\uddeb\ud83c\uddf7\"><img class=\"an1\" src=\"https:\/\/fonts.gstatic.com\/s\/e\/notoemoji\/16.0\/1f384\/72.png\" alt=\"\ud83c\udf84\" data-emoji=\"\ud83c\udf84\" aria-label=\"\ud83c\udf84\">\u00a0<span style=\"font-family: 'comic sans ms', sans-serif; font-size: 12pt;\"><span style=\"font-size: 14pt;\">*Concours de cartes de No\u00ebl en fran\u00e7ais: du 1er au 12 d\u00e9cembre*<\/span>\u00a0<\/span><img class=\"an1\" src=\"https:\/\/fonts.gstatic.com\/s\/e\/notoemoji\/16.0\/1f384\/72.png\" alt=\"\ud83c\udf84\" data-emoji=\"\ud83c\udf84\" aria-label=\"\ud83c\udf84\"><\/p><p>\u00a0<\/p><\/td><\/tr><tr><td style=\"width: 100%;\"><span style=\"font-family: 'comic sans ms', sans-serif;\">Cr\u00e9e ta carte de No\u00ebl en fran\u00e7ais avec un petit message pour une personne \u00e2g\u00e9e.<\/span><br><span style=\"font-family: 'comic sans ms', sans-serif;\">Technique libre: laisse voler ton imagination!<\/span><span style=\"font-family: 'comic sans ms', sans-serif;\">Toutes les cartes seront expos\u00e9es dans le hall du lyc\u00e9e puis envoy\u00e9es \u00e0 l'EHPAD de Rochefort-en-Terre en France.<\/span><span style=\"font-family: 'comic sans ms', sans-serif;\">Sans plus attendre, remets ta carte \u00e0 ton professeur de fran\u00e7ais!<\/span><br><span style=\"font-family: 'comic sans ms', sans-serif;\">Les plus belles cr\u00e9ations seront r\u00e9compens\u00e9es !<\/span><\/td><\/tr><\/tbody><\/table><table style=\"border-collapse: collapse; width: 100%;\"><tbody><tr><td style=\"width: 100%;\"><p><img class=\"an1\" src=\"https:\/\/fonts.gstatic.com\/s\/e\/notoemoji\/16.0\/1f1ea_1f1f8\/72.png\" alt=\"\ud83c\uddea\ud83c\uddf8\" data-emoji=\"\ud83c\uddea\ud83c\uddf8\" aria-label=\"\ud83c\uddea\ud83c\uddf8\">\u00a0<img class=\"an1\" src=\"https:\/\/fonts.gstatic.com\/s\/e\/notoemoji\/16.0\/1f384\/72.png\" alt=\"\ud83c\udf84\" data-emoji=\"\ud83c\udf84\" aria-label=\"\ud83c\udf84\">\u00a0<span style=\"font-size: 14pt;\"><span style=\"font-family: 'book antiqua', palatino, serif;\">*Concurso de tarjetas de Navidad en franc\u00e9s: del 1 al 12 de diciembre*<\/span>\u00a0<\/span><img class=\"an1\" src=\"https:\/\/fonts.gstatic.com\/s\/e\/notoemoji\/16.0\/1f384\/72.png\" alt=\"\ud83c\udf84\" data-emoji=\"\ud83c\udf84\" aria-label=\"\ud83c\udf84\"><\/p><p>\u00a0<\/p><\/td><\/tr><tr><td style=\"width: 100%;\"><span style=\"font-family: 'book antiqua', palatino, serif; font-size: 12pt;\">Crea tu tarjeta de Navidad en franc\u00e9s con un peque\u00f1o mensaje para una persona mayor.<\/span><br><span style=\"font-family: 'book antiqua', palatino, serif; font-size: 12pt;\">T\u00e9cnica libre: \u00a1deja volar tu imaginaci\u00f3n!<\/span><span style=\"font-family: 'book antiqua', palatino, serif; font-size: 12pt;\">Todas las tarjetas se expondr\u00e1n en el hall de entrada del instituto y luego se enviar\u00e1n a la residencia de ancianos de Rochefort-en-Terre en Francia.<\/span><span style=\"font-family: 'book antiqua', palatino, serif; font-size: 12pt;\">\u00a1No esperes m\u00e1s y entrega tu tarjeta a tu profesor de franc\u00e9s!<\/span><br><span style=\"font-family: 'book antiqua', palatino, serif; font-size: 12pt;\">Las mejores creaciones ser\u00e1n premiadas.<\/span><\/td><\/tr><\/tbody><\/table><p>\u00a0<\/p>","_et_gb_content_width":"","ngg_post_thumbnail":0,"footnotes":""},"categories":[3,4],"tags":[],"aioseo_notices":[],"_links":{"self":[{"href":"https:\/\/blogsaverroes.juntadeandalucia.es\/iesrioverdemarbella\/wp-json\/wp\/v2\/posts\/3213"}],"collection":[{"href":"https:\/\/blogsaverroes.juntadeandalucia.es\/iesrioverdemarbella\/wp-json\/wp\/v2\/posts"}],"about":[{"href":"https:\/\/blogsaverroes.juntadeandalucia.es\/iesrioverdemarbella\/wp-json\/wp\/v2\/types\/post"}],"author":[{"embeddable":true,"href":"https:\/\/blogsaverroes.juntadeandalucia.es\/iesrioverdemarbella\/wp-json\/wp\/v2\/users\/20722"}],"replies":[{"embeddable":true,"href":"https:\/\/blogsaverroes.juntadeandalucia.es\/iesrioverdemarbella\/wp-json\/wp\/v2\/comments?post=3213"}],"version-history":[{"count":16,"href":"https:\/\/blogsaverroes.juntadeandalucia.es\/iesrioverdemarbella\/wp-json\/wp\/v2\/posts\/3213\/revisions"}],"predecessor-version":[{"id":3241,"href":"https:\/\/blogsaverroes.juntadeandalucia.es\/iesrioverdemarbella\/wp-json\/wp\/v2\/posts\/3213\/revisions\/3241"}],"wp:featuredmedia":[{"embeddable":true,"href":"https:\/\/blogsaverroes.juntadeandalucia.es\/iesrioverdemarbella\/wp-json\/wp\/v2\/media\/3242"}],"wp:attachment":[{"href":"https:\/\/blogsaverroes.juntadeandalucia.es\/iesrioverdemarbella\/wp-json\/wp\/v2\/media?parent=3213"}],"wp:term":[{"taxonomy":"category","embeddable":true,"href":"https:\/\/blogsaverroes.juntadeandalucia.es\/iesrioverdemarbella\/wp-json\/wp\/v2\/categories?post=3213"},{"taxonomy":"post_tag","embeddable":true,"href":"https:\/\/blogsaverroes.juntadeandalucia.es\/iesrioverdemarbella\/wp-json\/wp\/v2\/tags?post=3213"}],"curies":[{"name":"wp","href":"https:\/\/api.w.org\/{rel}","templated":true}]}}