{"id":3400,"date":"2025-12-19T17:41:27","date_gmt":"2025-12-19T16:41:27","guid":{"rendered":"https:\/\/blogsaverroes.juntadeandalucia.es\/iesrioverdemarbella\/?p=3400"},"modified":"2025-12-19T17:45:29","modified_gmt":"2025-12-19T16:45:29","slug":"joyeux-noel","status":"publish","type":"post","link":"https:\/\/blogsaverroes.juntadeandalucia.es\/iesrioverdemarbella\/joyeux-noel\/","title":{"rendered":"Joyeux No\u00ebl"},"content":{"rendered":"<hr>\n<p><em><span style=\"font-family: verdana, geneva, sans-serif\">Estimados padres y madres<\/span><\/em><\/p>\n<p><em><span style=\"font-family: verdana, geneva, sans-serif\">En esta fechas tan especiales quiero enviaros una Felicitaci\u00f3n en nombre de toda la Comunidad educativa del IES R\u00edo Verde. Hoy finalizan las clases y se reanudar\u00e1n el pr\u00f3ximo mi\u00e9rcoles 7 de enero. Os comparto la tarjeta navide\u00f1a ganadora del concurso de Christmas. <\/span><\/em><em><span style=\"font-family: verdana, geneva, sans-serif\"><strong>\u00a1Feliz Navidad y pr\u00f3spero a\u00f1o nuevo!&nbsp;<\/strong><\/span><\/em><\/p>\n<p style=\"text-align: right\"><em><span style=\"font-family: verdana, geneva, sans-serif\">Jes\u00fas Capel Tu\u00f1\u00f3n<\/span><\/em><\/p>\n","protected":false},"excerpt":{"rendered":"<p>Estimados padres y madres En esta fechas tan especiales quiero enviaros una Felicitaci\u00f3n en nombre de toda la Comunidad educativa del IES R\u00edo Verde. Hoy finalizan las clases y se reanudar\u00e1n el pr\u00f3ximo mi\u00e9rcoles 7 de enero. Os comparto la tarjeta navide\u00f1a ganadora del concurso de Christmas. \u00a1Feliz Navidad y pr\u00f3spero a\u00f1o nuevo!&nbsp; Jes\u00fas Capel [&hellip;]<\/p>\n","protected":false},"author":20722,"featured_media":3401,"comment_status":"closed","ping_status":"open","sticky":false,"template":"","format":"standard","meta":{"_et_pb_use_builder":"","_et_pb_old_content":"","_et_gb_content_width":"","ngg_post_thumbnail":0,"footnotes":""},"categories":[3,4],"tags":[],"aioseo_notices":[],"_links":{"self":[{"href":"https:\/\/blogsaverroes.juntadeandalucia.es\/iesrioverdemarbella\/wp-json\/wp\/v2\/posts\/3400"}],"collection":[{"href":"https:\/\/blogsaverroes.juntadeandalucia.es\/iesrioverdemarbella\/wp-json\/wp\/v2\/posts"}],"about":[{"href":"https:\/\/blogsaverroes.juntadeandalucia.es\/iesrioverdemarbella\/wp-json\/wp\/v2\/types\/post"}],"author":[{"embeddable":true,"href":"https:\/\/blogsaverroes.juntadeandalucia.es\/iesrioverdemarbella\/wp-json\/wp\/v2\/users\/20722"}],"replies":[{"embeddable":true,"href":"https:\/\/blogsaverroes.juntadeandalucia.es\/iesrioverdemarbella\/wp-json\/wp\/v2\/comments?post=3400"}],"version-history":[{"count":5,"href":"https:\/\/blogsaverroes.juntadeandalucia.es\/iesrioverdemarbella\/wp-json\/wp\/v2\/posts\/3400\/revisions"}],"predecessor-version":[{"id":3406,"href":"https:\/\/blogsaverroes.juntadeandalucia.es\/iesrioverdemarbella\/wp-json\/wp\/v2\/posts\/3400\/revisions\/3406"}],"wp:featuredmedia":[{"embeddable":true,"href":"https:\/\/blogsaverroes.juntadeandalucia.es\/iesrioverdemarbella\/wp-json\/wp\/v2\/media\/3401"}],"wp:attachment":[{"href":"https:\/\/blogsaverroes.juntadeandalucia.es\/iesrioverdemarbella\/wp-json\/wp\/v2\/media?parent=3400"}],"wp:term":[{"taxonomy":"category","embeddable":true,"href":"https:\/\/blogsaverroes.juntadeandalucia.es\/iesrioverdemarbella\/wp-json\/wp\/v2\/categories?post=3400"},{"taxonomy":"post_tag","embeddable":true,"href":"https:\/\/blogsaverroes.juntadeandalucia.es\/iesrioverdemarbella\/wp-json\/wp\/v2\/tags?post=3400"}],"curies":[{"name":"wp","href":"https:\/\/api.w.org\/{rel}","templated":true}]}}