{"id":2111,"date":"2024-04-25T17:19:09","date_gmt":"2024-04-25T16:19:09","guid":{"rendered":"https:\/\/blogsaverroes.juntadeandalucia.es\/iesrodrigocaro\/?p=2111"},"modified":"2024-04-25T17:47:45","modified_gmt":"2024-04-25T16:47:45","slug":"2111-2","status":"publish","type":"post","link":"https:\/\/blogsaverroes.juntadeandalucia.es\/iesrodrigocaro\/2111-2\/","title":{"rendered":"Movilidad Erasmus a Copenhague (Dinamarca)"},"content":{"rendered":"<p><strong>La semana del 8 al 12 de abril la profesora M\u00aa Jos\u00e9 Garc\u00eda Rufo se desplaz\u00f3 a Copenhague (Dinamarca)<\/strong> como parte del equipo integrante del \u201cProyecto: Aljarafe en Europa 2022\u201d incluido en la Movilidad Erasmus de Formaci\u00f3n para el Profesorado dentro de la rama de Formaci\u00f3n Profesional (Job Shadowing Erasmus). All\u00ed tuvo la oportunidad de adquirir conocimientos sobre el sistema educativo dan\u00e9s. Para ello, asisti\u00f3 a talleres y visit\u00f3 diferentes escuelas guiada por profesionales acorde con el siguiente programa:<\/p>\n<p><strong>-Martes, 9 de abril.<\/strong><\/p>\n<p>Visita a &#8220;Zealand&#8221; (Academia de Educaci\u00f3n Superior). Breve visita de sus instalaciones y asistencia a una clase de energ\u00eda sostenible.<\/p>\n<p><strong>-Mi\u00e9rcoles, 10 de abril.<\/strong><\/p>\n<p>Visita a ZBC N\u00e6stved (Escuela T\u00e9cnica y de Formaci\u00f3n Profesional). Recorrido por sus instalaciones y asistencia a clases relacionadas con geriatr\u00eda y educaci\u00f3n infantil. Las lecciones fueron impartidas en modo &#8220;performance&#8221; acompa\u00f1adas de los medios t\u00e9cnicos disponibles (maniqu\u00edes articulados, robots etc.), ya que as\u00ed es c\u00f3mo suelen hacerlo normalmente con el fin de recrear el escenario real.<\/p>\n<p><strong>-Jueves, 11 de abril.<\/strong><\/p>\n<p>Taller impartido a cargo de los fundadores de MILIFE. Empresa dedicada a formar a profesores, especialmente de primaria, ayud\u00e1ndoles a gestionar los problemas de aprendizaje de los estudiantes,<\/p>\n<p><strong>-Viernes, 12 de abril.<\/strong><\/p>\n<p>Taller por el director de KIRTH THOMSEN: empresa dedicada al marketing y dise\u00f1o de proyectos de ingenier\u00eda.<\/p>\n<p><strong>Fotograf\u00edas del evento<\/strong><\/p>\n<table style=\"border-collapse: collapse;width: 100%\">\n<tbody>\n<tr>\n<td style=\"width: 33.3333%\"><a href=\"https:\/\/blogsaverroes.juntadeandalucia.es\/iesrodrigocaro\/files\/2024\/04\/IMG-20240408-WA0024.jpg\"><img fetchpriority=\"high\" decoding=\"async\" class=\"aligncenter size-medium wp-image-2112\" src=\"https:\/\/blogsaverroes.juntadeandalucia.es\/iesrodrigocaro\/files\/2024\/04\/IMG-20240408-WA0024-300x225.jpg\" alt=\"\" width=\"300\" height=\"225\" srcset=\"https:\/\/blogsaverroes.juntadeandalucia.es\/iesrodrigocaro\/files\/2024\/04\/IMG-20240408-WA0024-300x225.jpg 300w, https:\/\/blogsaverroes.juntadeandalucia.es\/iesrodrigocaro\/files\/2024\/04\/IMG-20240408-WA0024-1024x768.jpg 1024w, https:\/\/blogsaverroes.juntadeandalucia.es\/iesrodrigocaro\/files\/2024\/04\/IMG-20240408-WA0024-768x576.jpg 768w, https:\/\/blogsaverroes.juntadeandalucia.es\/iesrodrigocaro\/files\/2024\/04\/IMG-20240408-WA0024-1536x1152.jpg 1536w, https:\/\/blogsaverroes.juntadeandalucia.es\/iesrodrigocaro\/files\/2024\/04\/IMG-20240408-WA0024.jpg 1600w\" sizes=\"(max-width: 300px) 100vw, 300px\" \/><\/a><\/td>\n<td style=\"width: 33.3333%\"><a href=\"https:\/\/blogsaverroes.juntadeandalucia.es\/iesrodrigocaro\/files\/2024\/04\/IMG-20240412-WA0010.jpg\"><img decoding=\"async\" class=\"aligncenter size-medium wp-image-2113\" src=\"https:\/\/blogsaverroes.juntadeandalucia.es\/iesrodrigocaro\/files\/2024\/04\/IMG-20240412-WA0010-300x169.jpg\" alt=\"\" width=\"300\" height=\"169\" srcset=\"https:\/\/blogsaverroes.juntadeandalucia.es\/iesrodrigocaro\/files\/2024\/04\/IMG-20240412-WA0010-300x169.jpg 300w, https:\/\/blogsaverroes.juntadeandalucia.es\/iesrodrigocaro\/files\/2024\/04\/IMG-20240412-WA0010-1024x576.jpg 1024w, https:\/\/blogsaverroes.juntadeandalucia.es\/iesrodrigocaro\/files\/2024\/04\/IMG-20240412-WA0010-768x432.jpg 768w, https:\/\/blogsaverroes.juntadeandalucia.es\/iesrodrigocaro\/files\/2024\/04\/IMG-20240412-WA0010.jpg 1280w\" sizes=\"(max-width: 300px) 100vw, 300px\" \/><\/a><\/td>\n<td style=\"width: 33.3333%\"><a href=\"https:\/\/blogsaverroes.juntadeandalucia.es\/iesrodrigocaro\/files\/2024\/04\/IMG-20240412-WA0026.jpg\"><img decoding=\"async\" class=\"aligncenter size-medium wp-image-2114\" src=\"https:\/\/blogsaverroes.juntadeandalucia.es\/iesrodrigocaro\/files\/2024\/04\/IMG-20240412-WA0026-300x169.jpg\" alt=\"\" width=\"300\" height=\"169\" srcset=\"https:\/\/blogsaverroes.juntadeandalucia.es\/iesrodrigocaro\/files\/2024\/04\/IMG-20240412-WA0026-300x169.jpg 300w, https:\/\/blogsaverroes.juntadeandalucia.es\/iesrodrigocaro\/files\/2024\/04\/IMG-20240412-WA0026-1024x576.jpg 1024w, https:\/\/blogsaverroes.juntadeandalucia.es\/iesrodrigocaro\/files\/2024\/04\/IMG-20240412-WA0026-768x432.jpg 768w, https:\/\/blogsaverroes.juntadeandalucia.es\/iesrodrigocaro\/files\/2024\/04\/IMG-20240412-WA0026-1536x864.jpg 1536w, https:\/\/blogsaverroes.juntadeandalucia.es\/iesrodrigocaro\/files\/2024\/04\/IMG-20240412-WA0026.jpg 1599w\" sizes=\"(max-width: 300px) 100vw, 300px\" \/><\/a><\/td>\n<\/tr>\n<tr>\n<td style=\"width: 33.3333%\"><a href=\"https:\/\/blogsaverroes.juntadeandalucia.es\/iesrodrigocaro\/files\/2024\/04\/IMG-20240412-WA0024.jpg\"><img loading=\"lazy\" decoding=\"async\" class=\"aligncenter size-medium wp-image-2115\" src=\"https:\/\/blogsaverroes.juntadeandalucia.es\/iesrodrigocaro\/files\/2024\/04\/IMG-20240412-WA0024-300x169.jpg\" alt=\"\" width=\"300\" height=\"169\" srcset=\"https:\/\/blogsaverroes.juntadeandalucia.es\/iesrodrigocaro\/files\/2024\/04\/IMG-20240412-WA0024-300x169.jpg 300w, https:\/\/blogsaverroes.juntadeandalucia.es\/iesrodrigocaro\/files\/2024\/04\/IMG-20240412-WA0024-1024x576.jpg 1024w, https:\/\/blogsaverroes.juntadeandalucia.es\/iesrodrigocaro\/files\/2024\/04\/IMG-20240412-WA0024-768x432.jpg 768w, https:\/\/blogsaverroes.juntadeandalucia.es\/iesrodrigocaro\/files\/2024\/04\/IMG-20240412-WA0024-1536x864.jpg 1536w, https:\/\/blogsaverroes.juntadeandalucia.es\/iesrodrigocaro\/files\/2024\/04\/IMG-20240412-WA0024.jpg 1599w\" sizes=\"(max-width: 300px) 100vw, 300px\" \/><\/a><\/td>\n<td style=\"width: 33.3333%\"><a href=\"https:\/\/blogsaverroes.juntadeandalucia.es\/iesrodrigocaro\/files\/2024\/04\/IMG-20240410-WA0012.jpg\"><img loading=\"lazy\" decoding=\"async\" class=\"aligncenter size-medium wp-image-2116\" src=\"https:\/\/blogsaverroes.juntadeandalucia.es\/iesrodrigocaro\/files\/2024\/04\/IMG-20240410-WA0012-300x225.jpg\" alt=\"\" width=\"300\" height=\"225\" srcset=\"https:\/\/blogsaverroes.juntadeandalucia.es\/iesrodrigocaro\/files\/2024\/04\/IMG-20240410-WA0012-300x225.jpg 300w, https:\/\/blogsaverroes.juntadeandalucia.es\/iesrodrigocaro\/files\/2024\/04\/IMG-20240410-WA0012-1024x768.jpg 1024w, https:\/\/blogsaverroes.juntadeandalucia.es\/iesrodrigocaro\/files\/2024\/04\/IMG-20240410-WA0012-768x576.jpg 768w, https:\/\/blogsaverroes.juntadeandalucia.es\/iesrodrigocaro\/files\/2024\/04\/IMG-20240410-WA0012-1536x1152.jpg 1536w, https:\/\/blogsaverroes.juntadeandalucia.es\/iesrodrigocaro\/files\/2024\/04\/IMG-20240410-WA0012.jpg 2016w\" sizes=\"(max-width: 300px) 100vw, 300px\" \/><\/a><\/td>\n<td style=\"width: 33.3333%\"><a href=\"https:\/\/blogsaverroes.juntadeandalucia.es\/iesrodrigocaro\/files\/2024\/04\/IMG-20240409-WA0053.jpg\"><img loading=\"lazy\" decoding=\"async\" class=\"aligncenter size-medium wp-image-2117\" src=\"https:\/\/blogsaverroes.juntadeandalucia.es\/iesrodrigocaro\/files\/2024\/04\/IMG-20240409-WA0053-300x225.jpg\" alt=\"\" width=\"300\" height=\"225\" srcset=\"https:\/\/blogsaverroes.juntadeandalucia.es\/iesrodrigocaro\/files\/2024\/04\/IMG-20240409-WA0053-300x225.jpg 300w, https:\/\/blogsaverroes.juntadeandalucia.es\/iesrodrigocaro\/files\/2024\/04\/IMG-20240409-WA0053-1024x768.jpg 1024w, https:\/\/blogsaverroes.juntadeandalucia.es\/iesrodrigocaro\/files\/2024\/04\/IMG-20240409-WA0053-768x576.jpg 768w, https:\/\/blogsaverroes.juntadeandalucia.es\/iesrodrigocaro\/files\/2024\/04\/IMG-20240409-WA0053-1536x1152.jpg 1536w, https:\/\/blogsaverroes.juntadeandalucia.es\/iesrodrigocaro\/files\/2024\/04\/IMG-20240409-WA0053.jpg 1600w\" sizes=\"(max-width: 300px) 100vw, 300px\" \/><\/a><\/td>\n<\/tr>\n<tr>\n<td style=\"width: 33.3333%\">&nbsp;<\/td>\n<td style=\"width: 33.3333%\"><a href=\"https:\/\/blogsaverroes.juntadeandalucia.es\/iesrodrigocaro\/files\/2024\/04\/IMG-20240409-WA0048-1.jpg\"><img loading=\"lazy\" decoding=\"async\" class=\"aligncenter size-medium wp-image-2128\" src=\"https:\/\/blogsaverroes.juntadeandalucia.es\/iesrodrigocaro\/files\/2024\/04\/IMG-20240409-WA0048-1-300x225.jpg\" alt=\"\" width=\"300\" height=\"225\" srcset=\"https:\/\/blogsaverroes.juntadeandalucia.es\/iesrodrigocaro\/files\/2024\/04\/IMG-20240409-WA0048-1-300x225.jpg 300w, https:\/\/blogsaverroes.juntadeandalucia.es\/iesrodrigocaro\/files\/2024\/04\/IMG-20240409-WA0048-1-1024x768.jpg 1024w, https:\/\/blogsaverroes.juntadeandalucia.es\/iesrodrigocaro\/files\/2024\/04\/IMG-20240409-WA0048-1-768x576.jpg 768w, https:\/\/blogsaverroes.juntadeandalucia.es\/iesrodrigocaro\/files\/2024\/04\/IMG-20240409-WA0048-1-1536x1152.jpg 1536w, https:\/\/blogsaverroes.juntadeandalucia.es\/iesrodrigocaro\/files\/2024\/04\/IMG-20240409-WA0048-1.jpg 1600w\" sizes=\"(max-width: 300px) 100vw, 300px\" \/><\/a><\/td>\n<td style=\"width: 33.3333%\">&nbsp;<\/td>\n<\/tr>\n<\/tbody>\n<\/table>\n<p>&nbsp;<\/p>\n<p>&nbsp;<\/p>\n","protected":false},"excerpt":{"rendered":"<p>La semana del 8 al 12 de abril la profesora M\u00aa Jos\u00e9 Garc\u00eda Rufo se desplaz\u00f3 a Copenhague (Dinamarca) como parte del equipo integrante del \u201cProyecto: Aljarafe en Europa 2022\u201d incluido en la Movilidad&#46;&#46;&#46;<\/p>\n","protected":false},"author":13259,"featured_media":2127,"comment_status":"closed","ping_status":"open","sticky":false,"template":"","format":"standard","meta":{"ngg_post_thumbnail":0,"footnotes":""},"categories":[11,31,32],"tags":[],"aioseo_notices":[],"_links":{"self":[{"href":"https:\/\/blogsaverroes.juntadeandalucia.es\/iesrodrigocaro\/wp-json\/wp\/v2\/posts\/2111"}],"collection":[{"href":"https:\/\/blogsaverroes.juntadeandalucia.es\/iesrodrigocaro\/wp-json\/wp\/v2\/posts"}],"about":[{"href":"https:\/\/blogsaverroes.juntadeandalucia.es\/iesrodrigocaro\/wp-json\/wp\/v2\/types\/post"}],"author":[{"embeddable":true,"href":"https:\/\/blogsaverroes.juntadeandalucia.es\/iesrodrigocaro\/wp-json\/wp\/v2\/users\/13259"}],"replies":[{"embeddable":true,"href":"https:\/\/blogsaverroes.juntadeandalucia.es\/iesrodrigocaro\/wp-json\/wp\/v2\/comments?post=2111"}],"version-history":[{"count":5,"href":"https:\/\/blogsaverroes.juntadeandalucia.es\/iesrodrigocaro\/wp-json\/wp\/v2\/posts\/2111\/revisions"}],"predecessor-version":[{"id":2130,"href":"https:\/\/blogsaverroes.juntadeandalucia.es\/iesrodrigocaro\/wp-json\/wp\/v2\/posts\/2111\/revisions\/2130"}],"wp:featuredmedia":[{"embeddable":true,"href":"https:\/\/blogsaverroes.juntadeandalucia.es\/iesrodrigocaro\/wp-json\/wp\/v2\/media\/2127"}],"wp:attachment":[{"href":"https:\/\/blogsaverroes.juntadeandalucia.es\/iesrodrigocaro\/wp-json\/wp\/v2\/media?parent=2111"}],"wp:term":[{"taxonomy":"category","embeddable":true,"href":"https:\/\/blogsaverroes.juntadeandalucia.es\/iesrodrigocaro\/wp-json\/wp\/v2\/categories?post=2111"},{"taxonomy":"post_tag","embeddable":true,"href":"https:\/\/blogsaverroes.juntadeandalucia.es\/iesrodrigocaro\/wp-json\/wp\/v2\/tags?post=2111"}],"curies":[{"name":"wp","href":"https:\/\/api.w.org\/{rel}","templated":true}]}}