{"id":2226,"date":"2024-06-29T06:11:13","date_gmt":"2024-06-29T05:11:13","guid":{"rendered":"https:\/\/blogsaverroes.juntadeandalucia.es\/iesrodrigocaro\/?p=2226"},"modified":"2024-07-01T16:46:42","modified_gmt":"2024-07-01T15:46:42","slug":"revista-no-16","status":"publish","type":"post","link":"https:\/\/blogsaverroes.juntadeandalucia.es\/iesrodrigocaro\/revista-no-16\/","title":{"rendered":"Revista N\u00ba 16"},"content":{"rendered":"<p>Os presentamos la revista n\u00ba 16 escrita por nuestro profesorado del centro. En esta ocasi\u00f3n han participado: Pedro P\u00e9rez Ramos, Enrique L\u00f3pez Serrano, El\u00edas Hacha Soto, Tom\u00e1s Alfaro Su\u00e1rez, Jos\u00e9 Antonio Jim\u00e9nez Ruiz, Manuel Vivas Moreno, Mar\u00eda Jos\u00e9 Garc\u00eda Rufo, Javier M. Zambruno y Juan Gabriel Mart\u00ednez Mart\u00ednez.<\/p>\n<p><a href=\"https:\/\/drive.google.com\/file\/d\/1xCqvVLyCvFwNM_wo7E6ZhOD8I1UgDhqc\/view?usp=sharing\" target=\"_blank\" rel=\"noopener\"><img fetchpriority=\"high\" decoding=\"async\" class=\"aligncenter size-full wp-image-2203\" src=\"https:\/\/blogsaverroes.juntadeandalucia.es\/iesrodrigocaro\/files\/2024\/06\/Revista-16.png\" alt=\"\" width=\"507\" height=\"723\" srcset=\"https:\/\/blogsaverroes.juntadeandalucia.es\/iesrodrigocaro\/files\/2024\/06\/Revista-16.png 507w, https:\/\/blogsaverroes.juntadeandalucia.es\/iesrodrigocaro\/files\/2024\/06\/Revista-16-210x300.png 210w\" sizes=\"(max-width: 507px) 100vw, 507px\" \/><\/a><\/p>\n","protected":false},"excerpt":{"rendered":"<p>Os presentamos la revista n\u00ba 16 escrita por nuestro profesorado del centro. En esta ocasi\u00f3n han participado: Pedro P\u00e9rez Ramos, Enrique L\u00f3pez Serrano, El\u00edas Hacha Soto, Tom\u00e1s Alfaro Su\u00e1rez, Jos\u00e9 Antonio Jim\u00e9nez Ruiz, Manuel&#46;&#46;&#46;<\/p>\n","protected":false},"author":13259,"featured_media":2203,"comment_status":"closed","ping_status":"open","sticky":false,"template":"","format":"standard","meta":{"ngg_post_thumbnail":0,"footnotes":""},"categories":[31,32],"tags":[],"aioseo_notices":[],"_links":{"self":[{"href":"https:\/\/blogsaverroes.juntadeandalucia.es\/iesrodrigocaro\/wp-json\/wp\/v2\/posts\/2226"}],"collection":[{"href":"https:\/\/blogsaverroes.juntadeandalucia.es\/iesrodrigocaro\/wp-json\/wp\/v2\/posts"}],"about":[{"href":"https:\/\/blogsaverroes.juntadeandalucia.es\/iesrodrigocaro\/wp-json\/wp\/v2\/types\/post"}],"author":[{"embeddable":true,"href":"https:\/\/blogsaverroes.juntadeandalucia.es\/iesrodrigocaro\/wp-json\/wp\/v2\/users\/13259"}],"replies":[{"embeddable":true,"href":"https:\/\/blogsaverroes.juntadeandalucia.es\/iesrodrigocaro\/wp-json\/wp\/v2\/comments?post=2226"}],"version-history":[{"count":2,"href":"https:\/\/blogsaverroes.juntadeandalucia.es\/iesrodrigocaro\/wp-json\/wp\/v2\/posts\/2226\/revisions"}],"predecessor-version":[{"id":2235,"href":"https:\/\/blogsaverroes.juntadeandalucia.es\/iesrodrigocaro\/wp-json\/wp\/v2\/posts\/2226\/revisions\/2235"}],"wp:featuredmedia":[{"embeddable":true,"href":"https:\/\/blogsaverroes.juntadeandalucia.es\/iesrodrigocaro\/wp-json\/wp\/v2\/media\/2203"}],"wp:attachment":[{"href":"https:\/\/blogsaverroes.juntadeandalucia.es\/iesrodrigocaro\/wp-json\/wp\/v2\/media?parent=2226"}],"wp:term":[{"taxonomy":"category","embeddable":true,"href":"https:\/\/blogsaverroes.juntadeandalucia.es\/iesrodrigocaro\/wp-json\/wp\/v2\/categories?post=2226"},{"taxonomy":"post_tag","embeddable":true,"href":"https:\/\/blogsaverroes.juntadeandalucia.es\/iesrodrigocaro\/wp-json\/wp\/v2\/tags?post=2226"}],"curies":[{"name":"wp","href":"https:\/\/api.w.org\/{rel}","templated":true}]}}