{"id":2273,"date":"2024-10-17T08:50:42","date_gmt":"2024-10-17T07:50:42","guid":{"rendered":"https:\/\/blogsaverroes.juntadeandalucia.es\/iesrodrigocaro\/?p=2273"},"modified":"2024-10-17T08:53:10","modified_gmt":"2024-10-17T07:53:10","slug":"reunion-familias","status":"publish","type":"post","link":"https:\/\/blogsaverroes.juntadeandalucia.es\/iesrodrigocaro\/reunion-familias\/","title":{"rendered":"Reuni\u00f3n familias"},"content":{"rendered":"<p dir=\"ltr\">Estimadas familias<\/p>\n<p dir=\"ltr\">Les informamos que&nbsp; el pr\u00f3ximo lunes 21 de octubre tendr\u00e1 lugar la reuni\u00f3n inicial de las familias con los tutores\/as de sus hijos e hijas. El horario de las reuniones ser\u00e1 el siguiente:<\/p>\n<p dir=\"ltr\">-De 17:00 a 18:00 horas: los cursos de 1\u00baESO, 2\u00ba ESO, 3\u00baESO Y 1\u00ba CFGB.<\/p>\n<p dir=\"ltr\">-De 18:00 a 19:00 horas: los cursos de 4\u00ba ESO, 1\u00ba Bachillerato, 2\u00ba Bachillerato Y 2\u00ba CFGB.<\/p>\n<p dir=\"ltr\">Aprovechamos para informarles que habr\u00e1 varias representantes de nuestra AMPA RODRIGO en el hall de entrada para el pago de la cuota anual (15 euros), as\u00ed como para todas aquellas familias que deseen hacerse miembros.<\/p>\n<p dir=\"ltr\">Reciban un cordial saludo,<\/p>\n<p dir=\"ltr\">El Equipo Directivo del IES Rodrigo Caro.<\/p>\n<p><iframe src=\"https:\/\/drive.google.com\/file\/d\/1XfK2VkgKefLTaWjbr5176bfI_YIoarUD\/preview\" width=\"640\" height=\"480\"><\/iframe><\/p>\n","protected":false},"excerpt":{"rendered":"<p>Estimadas familias Les informamos que&nbsp; el pr\u00f3ximo lunes 21 de octubre tendr\u00e1 lugar la reuni\u00f3n inicial de las familias con los tutores\/as de sus hijos e hijas. El horario de las reuniones ser\u00e1 el&#46;&#46;&#46;<\/p>\n","protected":false},"author":13259,"featured_media":2276,"comment_status":"closed","ping_status":"open","sticky":false,"template":"","format":"standard","meta":{"ngg_post_thumbnail":0,"footnotes":""},"categories":[33,32],"tags":[],"aioseo_notices":[],"_links":{"self":[{"href":"https:\/\/blogsaverroes.juntadeandalucia.es\/iesrodrigocaro\/wp-json\/wp\/v2\/posts\/2273"}],"collection":[{"href":"https:\/\/blogsaverroes.juntadeandalucia.es\/iesrodrigocaro\/wp-json\/wp\/v2\/posts"}],"about":[{"href":"https:\/\/blogsaverroes.juntadeandalucia.es\/iesrodrigocaro\/wp-json\/wp\/v2\/types\/post"}],"author":[{"embeddable":true,"href":"https:\/\/blogsaverroes.juntadeandalucia.es\/iesrodrigocaro\/wp-json\/wp\/v2\/users\/13259"}],"replies":[{"embeddable":true,"href":"https:\/\/blogsaverroes.juntadeandalucia.es\/iesrodrigocaro\/wp-json\/wp\/v2\/comments?post=2273"}],"version-history":[{"count":1,"href":"https:\/\/blogsaverroes.juntadeandalucia.es\/iesrodrigocaro\/wp-json\/wp\/v2\/posts\/2273\/revisions"}],"predecessor-version":[{"id":2275,"href":"https:\/\/blogsaverroes.juntadeandalucia.es\/iesrodrigocaro\/wp-json\/wp\/v2\/posts\/2273\/revisions\/2275"}],"wp:featuredmedia":[{"embeddable":true,"href":"https:\/\/blogsaverroes.juntadeandalucia.es\/iesrodrigocaro\/wp-json\/wp\/v2\/media\/2276"}],"wp:attachment":[{"href":"https:\/\/blogsaverroes.juntadeandalucia.es\/iesrodrigocaro\/wp-json\/wp\/v2\/media?parent=2273"}],"wp:term":[{"taxonomy":"category","embeddable":true,"href":"https:\/\/blogsaverroes.juntadeandalucia.es\/iesrodrigocaro\/wp-json\/wp\/v2\/categories?post=2273"},{"taxonomy":"post_tag","embeddable":true,"href":"https:\/\/blogsaverroes.juntadeandalucia.es\/iesrodrigocaro\/wp-json\/wp\/v2\/tags?post=2273"}],"curies":[{"name":"wp","href":"https:\/\/api.w.org\/{rel}","templated":true}]}}