{"id":2413,"date":"2025-02-13T16:09:25","date_gmt":"2025-02-13T15:09:25","guid":{"rendered":"https:\/\/blogsaverroes.juntadeandalucia.es\/iesrodrigocaro\/?p=2413"},"modified":"2025-02-13T16:13:37","modified_gmt":"2025-02-13T15:13:37","slug":"actualizacion-de-las-programaciones-de-formacion-profesional","status":"publish","type":"post","link":"https:\/\/blogsaverroes.juntadeandalucia.es\/iesrodrigocaro\/actualizacion-de-las-programaciones-de-formacion-profesional\/","title":{"rendered":"Actualizaci\u00f3n de las programaciones de Formaci\u00f3n Profesional Inform\u00e1tica"},"content":{"rendered":"<p>Se han actualizado las programaciones de FP en relaci\u00f3n al plan de formaci\u00f3n inicial.<\/p>\n<p>Para su consulta clic <a href=\"https:\/\/drive.google.com\/drive\/folders\/1Xz3qzQqb12GpHjdKSZXfKpOv5L0seXGh?usp=drive_link\" target=\"_blank\" rel=\"noopener\">aqu\u00ed<\/a><\/p>\n","protected":false},"excerpt":{"rendered":"<p>Se han actualizado las programaciones de FP en relaci\u00f3n al plan de formaci\u00f3n inicial. Para su consulta clic aqu\u00ed<\/p>\n","protected":false},"author":13259,"featured_media":2420,"comment_status":"closed","ping_status":"open","sticky":false,"template":"","format":"standard","meta":{"ngg_post_thumbnail":0,"footnotes":""},"categories":[33,32],"tags":[],"aioseo_notices":[],"_links":{"self":[{"href":"https:\/\/blogsaverroes.juntadeandalucia.es\/iesrodrigocaro\/wp-json\/wp\/v2\/posts\/2413"}],"collection":[{"href":"https:\/\/blogsaverroes.juntadeandalucia.es\/iesrodrigocaro\/wp-json\/wp\/v2\/posts"}],"about":[{"href":"https:\/\/blogsaverroes.juntadeandalucia.es\/iesrodrigocaro\/wp-json\/wp\/v2\/types\/post"}],"author":[{"embeddable":true,"href":"https:\/\/blogsaverroes.juntadeandalucia.es\/iesrodrigocaro\/wp-json\/wp\/v2\/users\/13259"}],"replies":[{"embeddable":true,"href":"https:\/\/blogsaverroes.juntadeandalucia.es\/iesrodrigocaro\/wp-json\/wp\/v2\/comments?post=2413"}],"version-history":[{"count":3,"href":"https:\/\/blogsaverroes.juntadeandalucia.es\/iesrodrigocaro\/wp-json\/wp\/v2\/posts\/2413\/revisions"}],"predecessor-version":[{"id":2418,"href":"https:\/\/blogsaverroes.juntadeandalucia.es\/iesrodrigocaro\/wp-json\/wp\/v2\/posts\/2413\/revisions\/2418"}],"wp:featuredmedia":[{"embeddable":true,"href":"https:\/\/blogsaverroes.juntadeandalucia.es\/iesrodrigocaro\/wp-json\/wp\/v2\/media\/2420"}],"wp:attachment":[{"href":"https:\/\/blogsaverroes.juntadeandalucia.es\/iesrodrigocaro\/wp-json\/wp\/v2\/media?parent=2413"}],"wp:term":[{"taxonomy":"category","embeddable":true,"href":"https:\/\/blogsaverroes.juntadeandalucia.es\/iesrodrigocaro\/wp-json\/wp\/v2\/categories?post=2413"},{"taxonomy":"post_tag","embeddable":true,"href":"https:\/\/blogsaverroes.juntadeandalucia.es\/iesrodrigocaro\/wp-json\/wp\/v2\/tags?post=2413"}],"curies":[{"name":"wp","href":"https:\/\/api.w.org\/{rel}","templated":true}]}}