{"id":2453,"date":"2025-06-04T19:02:26","date_gmt":"2025-06-04T18:02:26","guid":{"rendered":"https:\/\/blogsaverroes.juntadeandalucia.es\/iesrodrigocaro\/?p=2453"},"modified":"2025-06-04T19:02:26","modified_gmt":"2025-06-04T18:02:26","slug":"guia-informativa-para-la-solicitud-de-la-becas-neae","status":"publish","type":"post","link":"https:\/\/blogsaverroes.juntadeandalucia.es\/iesrodrigocaro\/guia-informativa-para-la-solicitud-de-la-becas-neae\/","title":{"rendered":"Gu\u00eda informativa para la solicitud de la becas NEAE"},"content":{"rendered":"<p>Estimadas familias:<\/p>\n<p>El departamento de Orientaci\u00f3n os facilita la gu\u00eda informativa para la solicitud de la becas NEAE. Estas ayudas est\u00e1n destinadas a estudiantes con discapacidad,<br \/>\ntrastornos graves o altas capacidades intelectuales.<\/p>\n<p>Reciban un cordial saludo.<\/p>\n<p>Dpto. de Orientaci\u00f3n.<\/p>\n<p><iframe src=\"https:\/\/drive.google.com\/file\/d\/1QNN5Kfw_YBtyPUtOaeRaJiBJsIRyq0a6\/preview\" width=\"640\" height=\"480\"><\/iframe><\/p>\n","protected":false},"excerpt":{"rendered":"<p>Estimadas familias: El departamento de Orientaci\u00f3n os facilita la gu\u00eda informativa para la solicitud de la becas NEAE. Estas ayudas est\u00e1n destinadas a estudiantes con discapacidad, trastornos graves o altas capacidades intelectuales. Reciban un&#46;&#46;&#46;<\/p>\n","protected":false},"author":13259,"featured_media":2454,"comment_status":"closed","ping_status":"open","sticky":false,"template":"","format":"standard","meta":{"ngg_post_thumbnail":0,"footnotes":""},"categories":[34,32],"tags":[],"aioseo_notices":[],"_links":{"self":[{"href":"https:\/\/blogsaverroes.juntadeandalucia.es\/iesrodrigocaro\/wp-json\/wp\/v2\/posts\/2453"}],"collection":[{"href":"https:\/\/blogsaverroes.juntadeandalucia.es\/iesrodrigocaro\/wp-json\/wp\/v2\/posts"}],"about":[{"href":"https:\/\/blogsaverroes.juntadeandalucia.es\/iesrodrigocaro\/wp-json\/wp\/v2\/types\/post"}],"author":[{"embeddable":true,"href":"https:\/\/blogsaverroes.juntadeandalucia.es\/iesrodrigocaro\/wp-json\/wp\/v2\/users\/13259"}],"replies":[{"embeddable":true,"href":"https:\/\/blogsaverroes.juntadeandalucia.es\/iesrodrigocaro\/wp-json\/wp\/v2\/comments?post=2453"}],"version-history":[{"count":1,"href":"https:\/\/blogsaverroes.juntadeandalucia.es\/iesrodrigocaro\/wp-json\/wp\/v2\/posts\/2453\/revisions"}],"predecessor-version":[{"id":2455,"href":"https:\/\/blogsaverroes.juntadeandalucia.es\/iesrodrigocaro\/wp-json\/wp\/v2\/posts\/2453\/revisions\/2455"}],"wp:featuredmedia":[{"embeddable":true,"href":"https:\/\/blogsaverroes.juntadeandalucia.es\/iesrodrigocaro\/wp-json\/wp\/v2\/media\/2454"}],"wp:attachment":[{"href":"https:\/\/blogsaverroes.juntadeandalucia.es\/iesrodrigocaro\/wp-json\/wp\/v2\/media?parent=2453"}],"wp:term":[{"taxonomy":"category","embeddable":true,"href":"https:\/\/blogsaverroes.juntadeandalucia.es\/iesrodrigocaro\/wp-json\/wp\/v2\/categories?post=2453"},{"taxonomy":"post_tag","embeddable":true,"href":"https:\/\/blogsaverroes.juntadeandalucia.es\/iesrodrigocaro\/wp-json\/wp\/v2\/tags?post=2453"}],"curies":[{"name":"wp","href":"https:\/\/api.w.org\/{rel}","templated":true}]}}