{"id":1566,"date":"2024-10-18T11:47:41","date_gmt":"2024-10-18T09:47:41","guid":{"rendered":"https:\/\/blogsaverroes.juntadeandalucia.es\/iessaladillo\/?p=1566"},"modified":"2024-10-18T11:49:07","modified_gmt":"2024-10-18T09:49:07","slug":"visita-de-nuestros-alumnos-de-4oa-a-la-exposicion-mujeres-de-nuestro-barrio","status":"publish","type":"post","link":"https:\/\/blogsaverroes.juntadeandalucia.es\/iessaladillo\/visita-de-nuestros-alumnos-de-4oa-a-la-exposicion-mujeres-de-nuestro-barrio\/","title":{"rendered":"Visita de nuestros alumnos de 4\u00baA a la exposici\u00f3n &#8220;Mujeres de nuestro Barrio&#8221;"},"content":{"rendered":"<p style=\"text-align: justify\">Inauguraci\u00f3n de la exposici\u00f3n &#8220;Mujeres de nuestro Barrio&#8221; en Algeciras y presentaci\u00f3n del libro de cuentos ilustrado y la ruta preparada por el barrio. En dicho proyecto, han colaborado dos profesoras de nuestro centro, Demelza S\u00e1nchez (profesora de Lengua Castellana y Literatura) y Roc\u00edo Mart\u00ednez (profesora de Ingl\u00e9s).<\/p>\nngg_shortcode_0_placeholder\n","protected":false},"excerpt":{"rendered":"<p>Inauguraci\u00f3n de la exposici\u00f3n &#8220;Mujeres de nuestro Barrio&#8221; en Algeciras y presentaci\u00f3n del libro de cuentos ilustrado y la ruta preparada por el barrio. En dicho proyecto, han colaborado dos profesoras de nuestro centro, Demelza S\u00e1nchez (profesora de Lengua Castellana y Literatura) y Roc\u00edo Mart\u00ednez (profesora de Ingl\u00e9s).<\/p>\n","protected":false},"author":17520,"featured_media":1560,"comment_status":"closed","ping_status":"open","sticky":false,"template":"","format":"standard","meta":{"_et_pb_use_builder":"","_et_pb_old_content":"","_et_gb_content_width":"","ngg_post_thumbnail":0,"footnotes":""},"categories":[13,26,27,29],"tags":[],"aioseo_notices":[],"_links":{"self":[{"href":"https:\/\/blogsaverroes.juntadeandalucia.es\/iessaladillo\/wp-json\/wp\/v2\/posts\/1566"}],"collection":[{"href":"https:\/\/blogsaverroes.juntadeandalucia.es\/iessaladillo\/wp-json\/wp\/v2\/posts"}],"about":[{"href":"https:\/\/blogsaverroes.juntadeandalucia.es\/iessaladillo\/wp-json\/wp\/v2\/types\/post"}],"author":[{"embeddable":true,"href":"https:\/\/blogsaverroes.juntadeandalucia.es\/iessaladillo\/wp-json\/wp\/v2\/users\/17520"}],"replies":[{"embeddable":true,"href":"https:\/\/blogsaverroes.juntadeandalucia.es\/iessaladillo\/wp-json\/wp\/v2\/comments?post=1566"}],"version-history":[{"count":3,"href":"https:\/\/blogsaverroes.juntadeandalucia.es\/iessaladillo\/wp-json\/wp\/v2\/posts\/1566\/revisions"}],"predecessor-version":[{"id":1576,"href":"https:\/\/blogsaverroes.juntadeandalucia.es\/iessaladillo\/wp-json\/wp\/v2\/posts\/1566\/revisions\/1576"}],"wp:featuredmedia":[{"embeddable":true,"href":"https:\/\/blogsaverroes.juntadeandalucia.es\/iessaladillo\/wp-json\/wp\/v2\/media\/1560"}],"wp:attachment":[{"href":"https:\/\/blogsaverroes.juntadeandalucia.es\/iessaladillo\/wp-json\/wp\/v2\/media?parent=1566"}],"wp:term":[{"taxonomy":"category","embeddable":true,"href":"https:\/\/blogsaverroes.juntadeandalucia.es\/iessaladillo\/wp-json\/wp\/v2\/categories?post=1566"},{"taxonomy":"post_tag","embeddable":true,"href":"https:\/\/blogsaverroes.juntadeandalucia.es\/iessaladillo\/wp-json\/wp\/v2\/tags?post=1566"}],"curies":[{"name":"wp","href":"https:\/\/api.w.org\/{rel}","templated":true}]}}