{"id":1721,"date":"2024-11-25T15:00:30","date_gmt":"2024-11-25T14:00:30","guid":{"rendered":"https:\/\/blogsaverroes.juntadeandalucia.es\/iessaladillo\/?p=1721"},"modified":"2025-03-28T12:04:12","modified_gmt":"2025-03-28T11:04:12","slug":"semana-en-contra-de-la-violencia-de-genero","status":"publish","type":"post","link":"https:\/\/blogsaverroes.juntadeandalucia.es\/iessaladillo\/semana-en-contra-de-la-violencia-de-genero\/","title":{"rendered":"Semana en contra de la violencia de g\u00e9nero"},"content":{"rendered":"<h2 style=\"text-align: center\">Semana en contra de la violencia de g\u00e9nero<\/h2>\n<p>Para la conmemoraci\u00f3n del d\u00eda en contra de la violencia de g\u00e9nero desde la coordinaci\u00f3n de coeducaci\u00f3n hemos desarrollado una serie de actividades durante esta semana de cara a la mejora de la concienciaci\u00f3n sobre este fen\u00f3meno en nuestro alumnado y el fomento de las relaciones afectivas igualitarias.<br \/>\nAlgunas de las actividades que hemos llevado a cabo han sido:<br \/>\n&#8211; Actividades de tutor\u00eda en todos los grupos de la ESO: Estas sesiones han estado destinadas a aclarar conceptos y mejorar la comprensi\u00f3n de las distintas formas de violencia contra las mujeres y los factores implicados en el desarrollo de la misma. En estas sesiones los alumnos y alumnas han realizado distintas producciones como c\u00e1rteles y acr\u00f3sticos, plumas y manos con con mensajes en contra de la violencia y a favor de las relaciones basadas en el respeto.<\/p>\n<p>-Decoraci\u00f3n del centro con las producciones del alumnado y creaci\u00f3n de un mural &#8221; photocall&#8221; para el empoderamiento de la mujer.<\/p>\n<p>&#8211; Creaci\u00f3n de un mural colaborativo entre todo el centro con lazos violetas.<\/p>\n<p>&#8211; Micro &#8211; teatros: escenas y obras m\u00ednimas representando distintas situaciones relacionadas con la tem\u00e1tica de la semana , realizadas por alumnado voluntario del centro.<\/p>\n<p>&#8211; Actuaci\u00f3n sorpresa : Nuestra artista y conserje Mariluz ha representado un mon\u00f3logo adaptado de una comparsa del Mart\u00ednez Ares relacionado con la violencia dom\u00e9stica para el alumnado de bachillerato y el profesorado.<\/p>\n<p>Todas actividades han sido posibles gracias al apoyo de la Jefatura de Estudios del centro , el departamento de orientaci\u00f3n, los alumnos y alumnas voluntarios del comit\u00e9 de coeducaci\u00f3n y el profesorado del centro! Gracias a todos por vuestra ayuda y apoyo!<\/p>\n<p>&nbsp;<\/p>\n<p>Preparaci\u00f3n de las actividades con el alumnado del Comit\u00e9 de Coeducaci\u00f3n<\/p>\nngg_shortcode_0_placeholder\n<p style=\"text-align: justify\">Decoraci\u00f3n de puertas y pasillos con las producciones el alumnado desde 1\u00baa 4\u00ba de la ESO<\/p>\nngg_shortcode_1_placeholder\n<p style=\"text-align: justify\">Photocall creado por el alumnado del Comit\u00e9 de Coeducaci\u00f3n con la colaboraci\u00f3n del alumnado de 1\u00ba de la ESO y el departamento de Educaci\u00f3n Pl\u00e1stica<\/p>\nngg_shortcode_2_placeholder\n<p style=\"text-align: justify\">Uno de los 5 micro-teatros que tuvieron lugar durante el recreo. Actrices: Estela Salas Sanz y M\u00f3nica Garc\u00eda Garc\u00eda de 1\u00ba de Bachillerato A<\/p>\n<p style=\"text-align: center\"><iframe loading=\"lazy\" src=\"https:\/\/drive.google.com\/file\/d\/15Kou2RmPY5fbtFdUFcezhSII13WoiidG\/preview\" width=\"820\" height=\"480\"><span data-mce-type=\"bookmark\" style=\"width: 0px;overflow: hidden;line-height: 0\" class=\"mce_SELRES_start\">\ufeff<\/span><span data-mce-type=\"bookmark\" style=\"width: 0px;overflow: hidden;line-height: 0\" class=\"mce_SELRES_start\">\ufeff<\/span><span data-mce-type=\"bookmark\" style=\"width: 0px;overflow: hidden;line-height: 0\" class=\"mce_SELRES_start\">\ufeff<\/span><span data-mce-type=\"bookmark\" style=\"width: 0px;overflow: hidden;line-height: 0\" class=\"mce_SELRES_start\">\ufeff<\/span><span data-mce-type=\"bookmark\" style=\"width: 0px;overflow: hidden;line-height: 0\" class=\"mce_SELRES_start\">\ufeff<\/span><span data-mce-type=\"bookmark\" style=\"width: 0px;overflow: hidden;line-height: 0\" class=\"mce_SELRES_start\">\ufeff<\/span><\/iframe><\/p>\n","protected":false},"excerpt":{"rendered":"<p>Semana en contra de la violencia de g\u00e9nero Para la conmemoraci\u00f3n del d\u00eda en contra de la violencia de g\u00e9nero desde la coordinaci\u00f3n de coeducaci\u00f3n hemos desarrollado una serie de actividades durante esta semana de cara a la mejora de la concienciaci\u00f3n sobre este fen\u00f3meno en nuestro alumnado y el fomento de las relaciones afectivas [&hellip;]<\/p>\n","protected":false},"author":17520,"featured_media":1722,"comment_status":"closed","ping_status":"open","sticky":false,"template":"","format":"standard","meta":{"_et_pb_use_builder":"","_et_pb_old_content":"","_et_gb_content_width":"","ngg_post_thumbnail":0,"footnotes":""},"categories":[36,15,4,1],"tags":[],"aioseo_notices":[],"_links":{"self":[{"href":"https:\/\/blogsaverroes.juntadeandalucia.es\/iessaladillo\/wp-json\/wp\/v2\/posts\/1721"}],"collection":[{"href":"https:\/\/blogsaverroes.juntadeandalucia.es\/iessaladillo\/wp-json\/wp\/v2\/posts"}],"about":[{"href":"https:\/\/blogsaverroes.juntadeandalucia.es\/iessaladillo\/wp-json\/wp\/v2\/types\/post"}],"author":[{"embeddable":true,"href":"https:\/\/blogsaverroes.juntadeandalucia.es\/iessaladillo\/wp-json\/wp\/v2\/users\/17520"}],"replies":[{"embeddable":true,"href":"https:\/\/blogsaverroes.juntadeandalucia.es\/iessaladillo\/wp-json\/wp\/v2\/comments?post=1721"}],"version-history":[{"count":13,"href":"https:\/\/blogsaverroes.juntadeandalucia.es\/iessaladillo\/wp-json\/wp\/v2\/posts\/1721\/revisions"}],"predecessor-version":[{"id":1748,"href":"https:\/\/blogsaverroes.juntadeandalucia.es\/iessaladillo\/wp-json\/wp\/v2\/posts\/1721\/revisions\/1748"}],"wp:featuredmedia":[{"embeddable":true,"href":"https:\/\/blogsaverroes.juntadeandalucia.es\/iessaladillo\/wp-json\/wp\/v2\/media\/1722"}],"wp:attachment":[{"href":"https:\/\/blogsaverroes.juntadeandalucia.es\/iessaladillo\/wp-json\/wp\/v2\/media?parent=1721"}],"wp:term":[{"taxonomy":"category","embeddable":true,"href":"https:\/\/blogsaverroes.juntadeandalucia.es\/iessaladillo\/wp-json\/wp\/v2\/categories?post=1721"},{"taxonomy":"post_tag","embeddable":true,"href":"https:\/\/blogsaverroes.juntadeandalucia.es\/iessaladillo\/wp-json\/wp\/v2\/tags?post=1721"}],"curies":[{"name":"wp","href":"https:\/\/api.w.org\/{rel}","templated":true}]}}