{"id":1749,"date":"2024-12-04T09:33:45","date_gmt":"2024-12-04T08:33:45","guid":{"rendered":"https:\/\/blogsaverroes.juntadeandalucia.es\/iessaladillo\/?p=1749"},"modified":"2024-12-18T09:47:02","modified_gmt":"2024-12-18T08:47:02","slug":"cueva-prehistorica","status":"publish","type":"post","link":"https:\/\/blogsaverroes.juntadeandalucia.es\/iessaladillo\/cueva-prehistorica\/","title":{"rendered":"Cueva prehist\u00f3rica"},"content":{"rendered":"<h2 style=\"text-align: center\">Cueva prehist\u00f3rica<\/h2>\n<p style=\"text-align: justify\">Hemos recreado una cueva de la Prehistoria. Dentro hemos expuesto modelos de \u00fatiles en piedra y hueso, cer\u00e1micas , molinos de piedra, esculturas y pinturas rupestres; incluso . Para ello hemos usado: plastilina, arcilla, pintura , luces , palos de madera, hojas secas y goma Eva.<\/p>\nngg_shortcode_0_placeholder\n","protected":false},"excerpt":{"rendered":"<p>Cueva prehist\u00f3rica Hemos recreado una cueva de la Prehistoria. Dentro hemos expuesto modelos de \u00fatiles en piedra y hueso, cer\u00e1micas , molinos de piedra, esculturas y pinturas rupestres; incluso . Para ello hemos usado: plastilina, arcilla, pintura , luces , palos de madera, hojas secas y goma Eva.<\/p>\n","protected":false},"author":17520,"featured_media":1750,"comment_status":"closed","ping_status":"open","sticky":false,"template":"","format":"standard","meta":{"_et_pb_use_builder":"","_et_pb_old_content":"","_et_gb_content_width":"","ngg_post_thumbnail":0,"footnotes":""},"categories":[26],"tags":[],"aioseo_notices":[],"_links":{"self":[{"href":"https:\/\/blogsaverroes.juntadeandalucia.es\/iessaladillo\/wp-json\/wp\/v2\/posts\/1749"}],"collection":[{"href":"https:\/\/blogsaverroes.juntadeandalucia.es\/iessaladillo\/wp-json\/wp\/v2\/posts"}],"about":[{"href":"https:\/\/blogsaverroes.juntadeandalucia.es\/iessaladillo\/wp-json\/wp\/v2\/types\/post"}],"author":[{"embeddable":true,"href":"https:\/\/blogsaverroes.juntadeandalucia.es\/iessaladillo\/wp-json\/wp\/v2\/users\/17520"}],"replies":[{"embeddable":true,"href":"https:\/\/blogsaverroes.juntadeandalucia.es\/iessaladillo\/wp-json\/wp\/v2\/comments?post=1749"}],"version-history":[{"count":2,"href":"https:\/\/blogsaverroes.juntadeandalucia.es\/iessaladillo\/wp-json\/wp\/v2\/posts\/1749\/revisions"}],"predecessor-version":[{"id":1763,"href":"https:\/\/blogsaverroes.juntadeandalucia.es\/iessaladillo\/wp-json\/wp\/v2\/posts\/1749\/revisions\/1763"}],"wp:featuredmedia":[{"embeddable":true,"href":"https:\/\/blogsaverroes.juntadeandalucia.es\/iessaladillo\/wp-json\/wp\/v2\/media\/1750"}],"wp:attachment":[{"href":"https:\/\/blogsaverroes.juntadeandalucia.es\/iessaladillo\/wp-json\/wp\/v2\/media?parent=1749"}],"wp:term":[{"taxonomy":"category","embeddable":true,"href":"https:\/\/blogsaverroes.juntadeandalucia.es\/iessaladillo\/wp-json\/wp\/v2\/categories?post=1749"},{"taxonomy":"post_tag","embeddable":true,"href":"https:\/\/blogsaverroes.juntadeandalucia.es\/iessaladillo\/wp-json\/wp\/v2\/tags?post=1749"}],"curies":[{"name":"wp","href":"https:\/\/api.w.org\/{rel}","templated":true}]}}