{"id":1764,"date":"2024-12-18T09:51:43","date_gmt":"2024-12-18T08:51:43","guid":{"rendered":"https:\/\/blogsaverroes.juntadeandalucia.es\/iessaladillo\/?p=1764"},"modified":"2025-02-07T12:31:19","modified_gmt":"2025-02-07T11:31:19","slug":"visita-y-practicas-aplicadas-en-la-etsi-de-algeciras","status":"publish","type":"post","link":"https:\/\/blogsaverroes.juntadeandalucia.es\/iessaladillo\/visita-y-practicas-aplicadas-en-la-etsi-de-algeciras\/","title":{"rendered":"Visita y pr\u00e1cticas aplicadas en la ETSI de Algeciras."},"content":{"rendered":"<h2 style=\"text-align: center\">Visita y pr\u00e1cticas aplicadas en la ETSI de Algeciras.<\/h2>\n<p style=\"text-align: justify\">Participaci\u00f3n en el programa de orientaci\u00f3n preuniversitaria organizado por la ETSI de Algeciras, el cual consiste en:<br \/>\n&#8211; Una recepci\u00f3n por parte de la direcci\u00f3n de la universidad donde informan de los grados y estudios que pueden realizar los estudiantes, as\u00ed como sus salidas laborales.<br \/>\n&#8211; Realizar una visita por todas las instalaciones.<br \/>\n&#8211; La realizaci\u00f3n de pr\u00e1cticas en grupos reducidos con diversas tem\u00e1ticas.<\/p>\n<p><iframe loading=\"lazy\" src=\"https:\/\/drive.google.com\/file\/d\/1LNYR6M8XqWqTVDcQMmYJ_6vO-cFlv9H-\/preview\" width=\"640\" height=\"480\"><\/iframe><\/p>\n<p>&nbsp;<\/p>\nngg_shortcode_0_placeholder\n","protected":false},"excerpt":{"rendered":"<p>Visita y pr\u00e1cticas aplicadas en la ETSI de Algeciras. Participaci\u00f3n en el programa de orientaci\u00f3n preuniversitaria organizado por la ETSI de Algeciras, el cual consiste en: &#8211; Una recepci\u00f3n por parte de la direcci\u00f3n de la universidad donde informan de los grados y estudios que pueden realizar los estudiantes, as\u00ed como sus salidas laborales. &#8211; [&hellip;]<\/p>\n","protected":false},"author":17520,"featured_media":0,"comment_status":"closed","ping_status":"open","sticky":false,"template":"","format":"standard","meta":{"_et_pb_use_builder":"","_et_pb_old_content":"","_et_gb_content_width":"","ngg_post_thumbnail":0,"footnotes":""},"categories":[11,19,21],"tags":[],"aioseo_notices":[],"_links":{"self":[{"href":"https:\/\/blogsaverroes.juntadeandalucia.es\/iessaladillo\/wp-json\/wp\/v2\/posts\/1764"}],"collection":[{"href":"https:\/\/blogsaverroes.juntadeandalucia.es\/iessaladillo\/wp-json\/wp\/v2\/posts"}],"about":[{"href":"https:\/\/blogsaverroes.juntadeandalucia.es\/iessaladillo\/wp-json\/wp\/v2\/types\/post"}],"author":[{"embeddable":true,"href":"https:\/\/blogsaverroes.juntadeandalucia.es\/iessaladillo\/wp-json\/wp\/v2\/users\/17520"}],"replies":[{"embeddable":true,"href":"https:\/\/blogsaverroes.juntadeandalucia.es\/iessaladillo\/wp-json\/wp\/v2\/comments?post=1764"}],"version-history":[{"count":9,"href":"https:\/\/blogsaverroes.juntadeandalucia.es\/iessaladillo\/wp-json\/wp\/v2\/posts\/1764\/revisions"}],"predecessor-version":[{"id":1883,"href":"https:\/\/blogsaverroes.juntadeandalucia.es\/iessaladillo\/wp-json\/wp\/v2\/posts\/1764\/revisions\/1883"}],"wp:attachment":[{"href":"https:\/\/blogsaverroes.juntadeandalucia.es\/iessaladillo\/wp-json\/wp\/v2\/media?parent=1764"}],"wp:term":[{"taxonomy":"category","embeddable":true,"href":"https:\/\/blogsaverroes.juntadeandalucia.es\/iessaladillo\/wp-json\/wp\/v2\/categories?post=1764"},{"taxonomy":"post_tag","embeddable":true,"href":"https:\/\/blogsaverroes.juntadeandalucia.es\/iessaladillo\/wp-json\/wp\/v2\/tags?post=1764"}],"curies":[{"name":"wp","href":"https:\/\/api.w.org\/{rel}","templated":true}]}}