{"id":1904,"date":"2025-01-31T11:41:08","date_gmt":"2025-01-31T10:41:08","guid":{"rendered":"https:\/\/blogsaverroes.juntadeandalucia.es\/iessaladillo\/?p=1904"},"modified":"2025-02-14T11:46:10","modified_gmt":"2025-02-14T10:46:10","slug":"la-chandeleur","status":"publish","type":"post","link":"https:\/\/blogsaverroes.juntadeandalucia.es\/iessaladillo\/la-chandeleur\/","title":{"rendered":"LA CHANDELEUR"},"content":{"rendered":"<p style=\"text-align: center\"><span data-sheets-root=\"1\">EL I.E.S. SALADILLO CELEBRA \u201cLA CHANDELEUR\u201d<\/span><\/p>\n<p style=\"text-align: justify\"><span data-sheets-root=\"1\"><br \/>\nUn a\u00f1o m\u00e1s, todo el alumnado de Franc\u00e9s del I.E.S. Saladillo ha participado en la actividad complementaria \u201cOn f\u00eate la Chandeleur\u201d, celebrada el 31 de enero. Hemos preparado una degustaci\u00f3n de cr\u00eapes en el sal\u00f3n de actos del centro y nuestro alumnado ha aportado las suyas, cocinadas en casa. Desde el Departamento, agradecemos a todo el alumnado su participaci\u00f3n y colaboraci\u00f3n en esta actividad; ha sido una experiencia de convivencia muy positiva. Merci \u00e0 toutes et tous!<\/span><\/p>\n<p>&nbsp;<br \/>\n<iframe loading=\"lazy\" src=\"https:\/\/drive.google.com\/file\/d\/1JUDhXOG0tDq3egVaE9MCw592Xh0NTYrd\/preview\" width=\"640\" height=\"480\"><\/iframe><br \/>\n&nbsp;<\/p>\nngg_shortcode_0_placeholder\n","protected":false},"excerpt":{"rendered":"<p>EL I.E.S. SALADILLO CELEBRA \u201cLA CHANDELEUR\u201d Un a\u00f1o m\u00e1s, todo el alumnado de Franc\u00e9s del I.E.S. Saladillo ha participado en la actividad complementaria \u201cOn f\u00eate la Chandeleur\u201d, celebrada el 31 de enero. Hemos preparado una degustaci\u00f3n de cr\u00eapes en el sal\u00f3n de actos del centro y nuestro alumnado ha aportado las suyas, cocinadas en casa. [&hellip;]<\/p>\n","protected":false},"author":17520,"featured_media":1912,"comment_status":"closed","ping_status":"open","sticky":false,"template":"","format":"standard","meta":{"_et_pb_use_builder":"","_et_pb_old_content":"","_et_gb_content_width":"","ngg_post_thumbnail":0,"footnotes":""},"categories":[25],"tags":[],"aioseo_notices":[],"_links":{"self":[{"href":"https:\/\/blogsaverroes.juntadeandalucia.es\/iessaladillo\/wp-json\/wp\/v2\/posts\/1904"}],"collection":[{"href":"https:\/\/blogsaverroes.juntadeandalucia.es\/iessaladillo\/wp-json\/wp\/v2\/posts"}],"about":[{"href":"https:\/\/blogsaverroes.juntadeandalucia.es\/iessaladillo\/wp-json\/wp\/v2\/types\/post"}],"author":[{"embeddable":true,"href":"https:\/\/blogsaverroes.juntadeandalucia.es\/iessaladillo\/wp-json\/wp\/v2\/users\/17520"}],"replies":[{"embeddable":true,"href":"https:\/\/blogsaverroes.juntadeandalucia.es\/iessaladillo\/wp-json\/wp\/v2\/comments?post=1904"}],"version-history":[{"count":1,"href":"https:\/\/blogsaverroes.juntadeandalucia.es\/iessaladillo\/wp-json\/wp\/v2\/posts\/1904\/revisions"}],"predecessor-version":[{"id":1911,"href":"https:\/\/blogsaverroes.juntadeandalucia.es\/iessaladillo\/wp-json\/wp\/v2\/posts\/1904\/revisions\/1911"}],"wp:featuredmedia":[{"embeddable":true,"href":"https:\/\/blogsaverroes.juntadeandalucia.es\/iessaladillo\/wp-json\/wp\/v2\/media\/1912"}],"wp:attachment":[{"href":"https:\/\/blogsaverroes.juntadeandalucia.es\/iessaladillo\/wp-json\/wp\/v2\/media?parent=1904"}],"wp:term":[{"taxonomy":"category","embeddable":true,"href":"https:\/\/blogsaverroes.juntadeandalucia.es\/iessaladillo\/wp-json\/wp\/v2\/categories?post=1904"},{"taxonomy":"post_tag","embeddable":true,"href":"https:\/\/blogsaverroes.juntadeandalucia.es\/iessaladillo\/wp-json\/wp\/v2\/tags?post=1904"}],"curies":[{"name":"wp","href":"https:\/\/api.w.org\/{rel}","templated":true}]}}