{"id":1984,"date":"2025-04-23T12:08:26","date_gmt":"2025-04-23T10:08:26","guid":{"rendered":"https:\/\/blogsaverroes.juntadeandalucia.es\/iessaladillo\/?p=1984"},"modified":"2025-05-16T12:08:49","modified_gmt":"2025-05-16T10:08:49","slug":"v-intercentros-isla-verde-el-estrecho","status":"publish","type":"post","link":"https:\/\/blogsaverroes.juntadeandalucia.es\/iessaladillo\/v-intercentros-isla-verde-el-estrecho\/","title":{"rendered":"V INTERCENTROS ISLA VERDE EL ESTRECHO"},"content":{"rendered":"<p>\u00a1Estamos de enhorabuena! Nuestro instituto ha participado en el encuentro intercentros de ajedrez IES Isla Verde dentro del Programa CIMA, destacando entre los mejores clasificados y logrando un merecido puesto en el podio.\u200b<\/p>\n<p>Este logro es fruto del esfuerzo y dedicaci\u00f3n de nuestro alumnado, que ha demostrado su talento y compromiso en cada partida. La participaci\u00f3n en este tipo de actividades no solo fomenta el pensamiento estrat\u00e9gico y la concentraci\u00f3n, sino que tambi\u00e9n fortalece valores como el trabajo en equipo y la perseverancia.\u200b<\/p>\n<p>Queremos felicitar a todos los participantes por su excelente desempe\u00f1o y agradecer al Programa CIMA por brindar estas oportunidades que enriquecen la formaci\u00f3n de nuestros estudiantes.\u200b<\/p>\n<p>\u00a1Seguimos apostando por el ajedrez como herramienta educativa y formativa!<\/p>\nngg_shortcode_0_placeholder\n","protected":false},"excerpt":{"rendered":"<p>\u00a1Estamos de enhorabuena! Nuestro instituto ha participado en el encuentro intercentros de ajedrez IES Isla Verde dentro del Programa CIMA, destacando entre los mejores clasificados y logrando un merecido puesto en el podio.\u200b Este logro es fruto del esfuerzo y dedicaci\u00f3n de nuestro alumnado, que ha demostrado su talento y compromiso en cada partida. La [&hellip;]<\/p>\n","protected":false},"author":17520,"featured_media":0,"comment_status":"closed","ping_status":"open","sticky":false,"template":"","format":"standard","meta":{"_et_pb_use_builder":"off","_et_pb_old_content":"","_et_gb_content_width":"","ngg_post_thumbnail":0,"footnotes":""},"categories":[16,22,17,4,1],"tags":[],"aioseo_notices":[],"_links":{"self":[{"href":"https:\/\/blogsaverroes.juntadeandalucia.es\/iessaladillo\/wp-json\/wp\/v2\/posts\/1984"}],"collection":[{"href":"https:\/\/blogsaverroes.juntadeandalucia.es\/iessaladillo\/wp-json\/wp\/v2\/posts"}],"about":[{"href":"https:\/\/blogsaverroes.juntadeandalucia.es\/iessaladillo\/wp-json\/wp\/v2\/types\/post"}],"author":[{"embeddable":true,"href":"https:\/\/blogsaverroes.juntadeandalucia.es\/iessaladillo\/wp-json\/wp\/v2\/users\/17520"}],"replies":[{"embeddable":true,"href":"https:\/\/blogsaverroes.juntadeandalucia.es\/iessaladillo\/wp-json\/wp\/v2\/comments?post=1984"}],"version-history":[{"count":3,"href":"https:\/\/blogsaverroes.juntadeandalucia.es\/iessaladillo\/wp-json\/wp\/v2\/posts\/1984\/revisions"}],"predecessor-version":[{"id":1993,"href":"https:\/\/blogsaverroes.juntadeandalucia.es\/iessaladillo\/wp-json\/wp\/v2\/posts\/1984\/revisions\/1993"}],"wp:attachment":[{"href":"https:\/\/blogsaverroes.juntadeandalucia.es\/iessaladillo\/wp-json\/wp\/v2\/media?parent=1984"}],"wp:term":[{"taxonomy":"category","embeddable":true,"href":"https:\/\/blogsaverroes.juntadeandalucia.es\/iessaladillo\/wp-json\/wp\/v2\/categories?post=1984"},{"taxonomy":"post_tag","embeddable":true,"href":"https:\/\/blogsaverroes.juntadeandalucia.es\/iessaladillo\/wp-json\/wp\/v2\/tags?post=1984"}],"curies":[{"name":"wp","href":"https:\/\/api.w.org\/{rel}","templated":true}]}}