{"id":1994,"date":"2025-04-09T12:09:10","date_gmt":"2025-04-09T10:09:10","guid":{"rendered":"https:\/\/blogsaverroes.juntadeandalucia.es\/iessaladillo\/?p=1994"},"modified":"2025-05-16T12:14:25","modified_gmt":"2025-05-16T10:14:25","slug":"actividad-de-formacion-y-cooperacion-erasmus-plus-en-cluj-napoca-rumania","status":"publish","type":"post","link":"https:\/\/blogsaverroes.juntadeandalucia.es\/iessaladillo\/actividad-de-formacion-y-cooperacion-erasmus-plus-en-cluj-napoca-rumania\/","title":{"rendered":"Actividad de Formaci\u00f3n y Cooperaci\u00f3n Erasmus Plus en Cluj-Napoca, Ruman\u00eda"},"content":{"rendered":"<p><span data-sheets-root=\"1\">Nuestro instituto, de la mano del departamento de Inform\u00e1tica, ha sido seleccionado para representar a nivel nacional dentro de la rama de Formaci\u00f3n Profesional, la participaci\u00f3n en el programa europeo PEACE.<\/span><\/p>\n<p>PEACE \u201cParticipaci\u00f3n de Erasmus alumni para el compromiso c\u00edvico\u201d &#8211; es una Actividad de Cooperaci\u00f3n a largo plazo coordinada por la Agencia Nacional Erasmus+ Italiana, INDIRE, que se centra en el programa Erasmus+ y su relaci\u00f3n con el compromiso c\u00edvico, la participaci\u00f3n pol\u00edtica y la ciudadan\u00eda europea. El proyecto se lleva a cabo en cooperaci\u00f3n con 11 Agencias Nacionales Erasmus+.<\/p>\n<p>Dentro de esta actividad, se ha conseguido los siguientes objetivos:<br \/>\n&#8211; Reforzar redes y v\u00ednculos con los territorios, ya que se han reunido agencias de los principales pa\u00edses europeos.<br \/>\n&#8211; Fortalecer la ciudadan\u00eda activa y la conciencia de los valores europeos para los j\u00f3venes, a trav\u00e9s de diferentes charlas con personal especializado en investigaci\u00f3n y asociaciones juveniles.<br \/>\n&#8211; Promover sinergias entre las redes de participantes Erasmus+ y embajadores del Programa en toda Europa. Se han hecho visitas a centros de educaci\u00f3n, centros culturales, y se ha trabajado en talleres para promover estos valores.<br \/>\n&#8211; Mejorar la contribuci\u00f3n de las experiencias de movilidad Erasmus+ al compromiso c\u00edvico y la identidad europea, a trav\u00e9s del coworking y las actividades.<br \/>\n&#8211; Difundir las oportunidades de Erasmus+ y fomentar la participaci\u00f3n de nuevos beneficiarios, a trav\u00e9s de la creaci\u00f3n de redes de contactos y de colaboraci\u00f3n. Se ha creado un padlet con toda la informaci\u00f3n sobre esta actividad y material proporcionado.<\/p>\nngg_shortcode_0_placeholder\n","protected":false},"excerpt":{"rendered":"<p>Nuestro instituto, de la mano del departamento de Inform\u00e1tica, ha sido seleccionado para representar a nivel nacional dentro de la rama de Formaci\u00f3n Profesional, la participaci\u00f3n en el programa europeo PEACE. PEACE \u201cParticipaci\u00f3n de Erasmus alumni para el compromiso c\u00edvico\u201d &#8211; es una Actividad de Cooperaci\u00f3n a largo plazo coordinada por la Agencia Nacional Erasmus+ [&hellip;]<\/p>\n","protected":false},"author":17520,"featured_media":0,"comment_status":"closed","ping_status":"open","sticky":false,"template":"","format":"standard","meta":{"_et_pb_use_builder":"","_et_pb_old_content":"","_et_gb_content_width":"","ngg_post_thumbnail":0,"footnotes":""},"categories":[12,13],"tags":[],"aioseo_notices":[],"_links":{"self":[{"href":"https:\/\/blogsaverroes.juntadeandalucia.es\/iessaladillo\/wp-json\/wp\/v2\/posts\/1994"}],"collection":[{"href":"https:\/\/blogsaverroes.juntadeandalucia.es\/iessaladillo\/wp-json\/wp\/v2\/posts"}],"about":[{"href":"https:\/\/blogsaverroes.juntadeandalucia.es\/iessaladillo\/wp-json\/wp\/v2\/types\/post"}],"author":[{"embeddable":true,"href":"https:\/\/blogsaverroes.juntadeandalucia.es\/iessaladillo\/wp-json\/wp\/v2\/users\/17520"}],"replies":[{"embeddable":true,"href":"https:\/\/blogsaverroes.juntadeandalucia.es\/iessaladillo\/wp-json\/wp\/v2\/comments?post=1994"}],"version-history":[{"count":3,"href":"https:\/\/blogsaverroes.juntadeandalucia.es\/iessaladillo\/wp-json\/wp\/v2\/posts\/1994\/revisions"}],"predecessor-version":[{"id":2009,"href":"https:\/\/blogsaverroes.juntadeandalucia.es\/iessaladillo\/wp-json\/wp\/v2\/posts\/1994\/revisions\/2009"}],"wp:attachment":[{"href":"https:\/\/blogsaverroes.juntadeandalucia.es\/iessaladillo\/wp-json\/wp\/v2\/media?parent=1994"}],"wp:term":[{"taxonomy":"category","embeddable":true,"href":"https:\/\/blogsaverroes.juntadeandalucia.es\/iessaladillo\/wp-json\/wp\/v2\/categories?post=1994"},{"taxonomy":"post_tag","embeddable":true,"href":"https:\/\/blogsaverroes.juntadeandalucia.es\/iessaladillo\/wp-json\/wp\/v2\/tags?post=1994"}],"curies":[{"name":"wp","href":"https:\/\/api.w.org\/{rel}","templated":true}]}}