{"id":839,"date":"2023-10-17T12:06:25","date_gmt":"2023-10-17T10:06:25","guid":{"rendered":"https:\/\/blogsaverroes.juntadeandalucia.es\/iessaladillo\/?p=839"},"modified":"2023-10-17T12:06:37","modified_gmt":"2023-10-17T10:06:37","slug":"ciencia-en-accion-2022-2","status":"publish","type":"post","link":"https:\/\/blogsaverroes.juntadeandalucia.es\/iessaladillo\/ciencia-en-accion-2022-2\/","title":{"rendered":"\u00a1CIENCIA EN ACCI\u00d3N 2022!"},"content":{"rendered":"<p>[et_pb_section fb_built=&#8221;1&#8243; _builder_version=&#8221;3.23.3&#8243; custom_padding=&#8221;0px||0px|&#8221; z_index_tablet=&#8221;500&#8243; box_shadow_horizontal_tablet=&#8221;0px&#8221; box_shadow_vertical_tablet=&#8221;0px&#8221; box_shadow_blur_tablet=&#8221;40px&#8221; box_shadow_spread_tablet=&#8221;0px&#8221; global_colors_info=&#8221;{}&#8221; theme_builder_area=&#8221;post_content&#8221;][et_pb_row _builder_version=&#8221;3.25&#8243; background_size=&#8221;initial&#8221; background_position=&#8221;top_left&#8221; background_repeat=&#8221;repeat&#8221; global_colors_info=&#8221;{}&#8221; theme_builder_area=&#8221;post_content&#8221;][et_pb_column type=&#8221;4_4&#8243; _builder_version=&#8221;3.0.47&#8243; custom_padding=&#8221;|||&#8221; global_colors_info=&#8221;{}&#8221; custom_padding__hover=&#8221;|||&#8221; theme_builder_area=&#8221;post_content&#8221;][et_pb_image src=&#8221;https:\/\/blogsaverroes.juntadeandalucia.es\/iessaladillo\/files\/2020\/01\/cabecera-interior-ies-3-2.png&#8221; admin_label=&#8221;Imagen de la portada&#8221; _builder_version=&#8221;4.5.0&#8243; vertical_offset_tablet=&#8221;0&#8243; horizontal_offset_tablet=&#8221;0&#8243; z_index_tablet=&#8221;500&#8243; box_shadow_horizontal_tablet=&#8221;0px&#8221; box_shadow_vertical_tablet=&#8221;0px&#8221; box_shadow_blur_tablet=&#8221;40px&#8221; box_shadow_spread_tablet=&#8221;0px&#8221; global_colors_info=&#8221;{}&#8221; theme_builder_area=&#8221;post_content&#8221;][\/et_pb_image][et_pb_text admin_label=&#8221;Texto descriptivo&#8221; _builder_version=&#8221;4.14.5&#8243; hover_enabled=&#8221;0&#8243; z_index_tablet=&#8221;500&#8243; text_text_shadow_horizontal_length_tablet=&#8221;0px&#8221; text_text_shadow_vertical_length_tablet=&#8221;0px&#8221; text_text_shadow_blur_strength_tablet=&#8221;1px&#8221; link_text_shadow_horizontal_length_tablet=&#8221;0px&#8221; link_text_shadow_vertical_length_tablet=&#8221;0px&#8221; link_text_shadow_blur_strength_tablet=&#8221;1px&#8221; ul_text_shadow_horizontal_length_tablet=&#8221;0px&#8221; ul_text_shadow_vertical_length_tablet=&#8221;0px&#8221; ul_text_shadow_blur_strength_tablet=&#8221;1px&#8221; ol_text_shadow_horizontal_length_tablet=&#8221;0px&#8221; ol_text_shadow_vertical_length_tablet=&#8221;0px&#8221; ol_text_shadow_blur_strength_tablet=&#8221;1px&#8221; quote_text_shadow_horizontal_length_tablet=&#8221;0px&#8221; quote_text_shadow_vertical_length_tablet=&#8221;0px&#8221; quote_text_shadow_blur_strength_tablet=&#8221;1px&#8221; header_text_shadow_horizontal_length_tablet=&#8221;0px&#8221; header_text_shadow_vertical_length_tablet=&#8221;0px&#8221; header_text_shadow_blur_strength_tablet=&#8221;1px&#8221; header_2_text_shadow_horizontal_length_tablet=&#8221;0px&#8221; header_2_text_shadow_vertical_length_tablet=&#8221;0px&#8221; header_2_text_shadow_blur_strength_tablet=&#8221;1px&#8221; header_3_text_shadow_horizontal_length_tablet=&#8221;0px&#8221; header_3_text_shadow_vertical_length_tablet=&#8221;0px&#8221; header_3_text_shadow_blur_strength_tablet=&#8221;1px&#8221; header_4_text_shadow_horizontal_length_tablet=&#8221;0px&#8221; header_4_text_shadow_vertical_length_tablet=&#8221;0px&#8221; header_4_text_shadow_blur_strength_tablet=&#8221;1px&#8221; header_5_text_shadow_horizontal_length_tablet=&#8221;0px&#8221; header_5_text_shadow_vertical_length_tablet=&#8221;0px&#8221; header_5_text_shadow_blur_strength_tablet=&#8221;1px&#8221; header_6_text_shadow_horizontal_length_tablet=&#8221;0px&#8221; header_6_text_shadow_vertical_length_tablet=&#8221;0px&#8221; header_6_text_shadow_blur_strength_tablet=&#8221;1px&#8221; box_shadow_horizontal_tablet=&#8221;0px&#8221; box_shadow_vertical_tablet=&#8221;0px&#8221; box_shadow_blur_tablet=&#8221;40px&#8221; box_shadow_spread_tablet=&#8221;0px&#8221; global_colors_info=&#8221;{}&#8221; theme_builder_area=&#8221;post_content&#8221; sticky_enabled=&#8221;0&#8243;]<\/p>\n<h2 class=\"entry-title\"><a href=\"http:\/\/www.iessaladillo.es\/web\/ciencia-en-accion-2022\/\" rel=\"bookmark\">\u00a1CIENCIA EN ACCI\u00d3N 2022!<\/a><\/h2>\n<p align=\"justify\">En la ma\u00f1ana del d\u00eda del 7 de octubre, 9 de nuestros alumnos\/as del centro, junto con las profesoras Demelsa S\u00e1nchez y Mayte Salvador, llegaron a la ciudad de Viladecans (Barcelona) para participar en la fase final del Concurso Internacional de Ciencia en Acci\u00f3n, representando al IES Saladillo con el proyecto \u00abAURAL D.A., POR UNA AUDICI\u00d3N POR TODO LO ALTO\u00bb.<\/p>\n<p>Dicho proyecto fue desarrollado durante el curso 21\/22 en todos los niveles educativos del centro, gracias a la participaci\u00f3n de 19 profesores\/as en las distintas materias. Un proyecto interdisciplinar cuyo objetivo principal ha sido en todo momento conseguir la sensibilizaci\u00f3n hacia las personas con problemas auditivos y haciendo consciente al alumnado de los problemas que puede ocasionar el ruido tanto fuera como dentro de las aulas.<\/p>\n<p>Esperamos que disfruten mucho de la experiencia.<br \/>\u00a1Mucha suerte campeones!<\/p>\n<p><img loading=\"lazy\" decoding=\"async\" class=\"wp-image-643 alignnone size-medium\" src=\"https:\/\/blogsaverroes.juntadeandalucia.es\/iessaladillo\/files\/2023\/06\/WhatsApp-Image-2022-10-08-at-12.57.14-300x169.jpeg\" alt=\"\" width=\"300\" height=\"169\"> <img loading=\"lazy\" decoding=\"async\" class=\"wp-image-642 alignnone size-medium\" src=\"https:\/\/blogsaverroes.juntadeandalucia.es\/iessaladillo\/files\/2023\/06\/WhatsApp-Image-2022-10-08-at-12.40.19-300x169.jpeg\" alt=\"\" width=\"300\" height=\"169\"> <img loading=\"lazy\" decoding=\"async\" class=\"wp-image-641 alignnone size-medium\" src=\"https:\/\/blogsaverroes.juntadeandalucia.es\/iessaladillo\/files\/2023\/06\/WhatsApp-Image-2022-10-08-at-12.08.54-300x169.jpeg\" alt=\"\" width=\"300\" height=\"169\"> <img loading=\"lazy\" decoding=\"async\" class=\"wp-image-640 alignnone size-medium\" src=\"https:\/\/blogsaverroes.juntadeandalucia.es\/iessaladillo\/files\/2023\/06\/WhatsApp-Image-2022-10-07-at-16.52.16-300x169.jpeg\" alt=\"\" width=\"300\" height=\"169\"> <img loading=\"lazy\" decoding=\"async\" class=\"wp-image-639 alignnone size-medium\" src=\"https:\/\/blogsaverroes.juntadeandalucia.es\/iessaladillo\/files\/2023\/06\/WhatsApp-Image-2022-10-07-at-16.52.11-300x169.jpeg\" alt=\"\" width=\"300\" height=\"169\"><\/p>\n<p>[\/et_pb_text][\/et_pb_column][\/et_pb_row][\/et_pb_section]<\/p>\n","protected":false},"excerpt":{"rendered":"<p>\u00a1CIENCIA EN ACCI\u00d3N 2022! En la ma\u00f1ana del d\u00eda del 7 de octubre, 9 de nuestros alumnos\/as del centro, junto con las profesoras Demelsa S\u00e1nchez y Mayte Salvador, llegaron a la ciudad de Viladecans (Barcelona) para participar en la fase final del Concurso Internacional de Ciencia en Acci\u00f3n, representando al IES Saladillo con el proyecto [&hellip;]<\/p>\n","protected":false},"author":17520,"featured_media":0,"comment_status":"closed","ping_status":"open","sticky":false,"template":"","format":"standard","meta":{"_et_pb_use_builder":"on","_et_pb_old_content":"","_et_gb_content_width":"","ngg_post_thumbnail":0,"footnotes":""},"categories":[21],"tags":[8,32,33],"aioseo_notices":[],"_links":{"self":[{"href":"https:\/\/blogsaverroes.juntadeandalucia.es\/iessaladillo\/wp-json\/wp\/v2\/posts\/839"}],"collection":[{"href":"https:\/\/blogsaverroes.juntadeandalucia.es\/iessaladillo\/wp-json\/wp\/v2\/posts"}],"about":[{"href":"https:\/\/blogsaverroes.juntadeandalucia.es\/iessaladillo\/wp-json\/wp\/v2\/types\/post"}],"author":[{"embeddable":true,"href":"https:\/\/blogsaverroes.juntadeandalucia.es\/iessaladillo\/wp-json\/wp\/v2\/users\/17520"}],"replies":[{"embeddable":true,"href":"https:\/\/blogsaverroes.juntadeandalucia.es\/iessaladillo\/wp-json\/wp\/v2\/comments?post=839"}],"version-history":[{"count":4,"href":"https:\/\/blogsaverroes.juntadeandalucia.es\/iessaladillo\/wp-json\/wp\/v2\/posts\/839\/revisions"}],"predecessor-version":[{"id":845,"href":"https:\/\/blogsaverroes.juntadeandalucia.es\/iessaladillo\/wp-json\/wp\/v2\/posts\/839\/revisions\/845"}],"wp:attachment":[{"href":"https:\/\/blogsaverroes.juntadeandalucia.es\/iessaladillo\/wp-json\/wp\/v2\/media?parent=839"}],"wp:term":[{"taxonomy":"category","embeddable":true,"href":"https:\/\/blogsaverroes.juntadeandalucia.es\/iessaladillo\/wp-json\/wp\/v2\/categories?post=839"},{"taxonomy":"post_tag","embeddable":true,"href":"https:\/\/blogsaverroes.juntadeandalucia.es\/iessaladillo\/wp-json\/wp\/v2\/tags?post=839"}],"curies":[{"name":"wp","href":"https:\/\/api.w.org\/{rel}","templated":true}]}}