{"id":11542,"date":"2023-11-29T09:29:26","date_gmt":"2023-11-29T09:29:26","guid":{"rendered":"https:\/\/blogsaverroes.juntadeandalucia.es\/iessalvadorserrano\/?p=11542"},"modified":"2023-11-29T09:29:26","modified_gmt":"2023-11-29T09:29:26","slug":"charlas-sobre-educacion-vial","status":"publish","type":"post","link":"https:\/\/blogsaverroes.juntadeandalucia.es\/iessalvadorserrano\/2023\/11\/29\/charlas-sobre-educacion-vial\/","title":{"rendered":"Charlas sobre Educaci\u00f3n Vial"},"content":{"rendered":"<p style=\"text-align: justify\">&nbsp;&nbsp;&nbsp; El pasado lunes, 27 de noviembre, el alumnado del centro acudi\u00f3 a las charlas impartidas por la Polic\u00eda Local sobre educaci\u00f3n vial, normas de seguridad de toda clase de veh\u00edculos (en especial bicicletas y patinetes) y los peligros de la conducci\u00f3n tras haber consumido alcohol o drogas. Con simulacros, juegos y desaf\u00edos, comprobamos c\u00f3mo afectan estas sustancias a la percepci\u00f3n de la realidad. Esta actividad es otra m\u00e1s de las que se desarrollan en colaboraci\u00f3n con el Ayuntamiento de Alcaudete.<\/p>\nngg_shortcode_0_placeholder\n","protected":false},"excerpt":{"rendered":"<p>&nbsp;&nbsp;&nbsp; El pasado lunes, 27 de noviembre, el alumnado del centro acudi\u00f3 a las charlas impartidas por la Polic\u00eda Local sobre educaci\u00f3n vial, normas de&hellip;<\/p>\n","protected":false},"author":5046,"featured_media":0,"comment_status":"closed","ping_status":"open","sticky":false,"template":"","format":"standard","meta":{"ngg_post_thumbnail":0,"footnotes":""},"categories":[5991,1197882],"tags":[],"aioseo_notices":[],"_links":{"self":[{"href":"https:\/\/blogsaverroes.juntadeandalucia.es\/iessalvadorserrano\/wp-json\/wp\/v2\/posts\/11542"}],"collection":[{"href":"https:\/\/blogsaverroes.juntadeandalucia.es\/iessalvadorserrano\/wp-json\/wp\/v2\/posts"}],"about":[{"href":"https:\/\/blogsaverroes.juntadeandalucia.es\/iessalvadorserrano\/wp-json\/wp\/v2\/types\/post"}],"author":[{"embeddable":true,"href":"https:\/\/blogsaverroes.juntadeandalucia.es\/iessalvadorserrano\/wp-json\/wp\/v2\/users\/5046"}],"replies":[{"embeddable":true,"href":"https:\/\/blogsaverroes.juntadeandalucia.es\/iessalvadorserrano\/wp-json\/wp\/v2\/comments?post=11542"}],"version-history":[{"count":1,"href":"https:\/\/blogsaverroes.juntadeandalucia.es\/iessalvadorserrano\/wp-json\/wp\/v2\/posts\/11542\/revisions"}],"predecessor-version":[{"id":11549,"href":"https:\/\/blogsaverroes.juntadeandalucia.es\/iessalvadorserrano\/wp-json\/wp\/v2\/posts\/11542\/revisions\/11549"}],"wp:attachment":[{"href":"https:\/\/blogsaverroes.juntadeandalucia.es\/iessalvadorserrano\/wp-json\/wp\/v2\/media?parent=11542"}],"wp:term":[{"taxonomy":"category","embeddable":true,"href":"https:\/\/blogsaverroes.juntadeandalucia.es\/iessalvadorserrano\/wp-json\/wp\/v2\/categories?post=11542"},{"taxonomy":"post_tag","embeddable":true,"href":"https:\/\/blogsaverroes.juntadeandalucia.es\/iessalvadorserrano\/wp-json\/wp\/v2\/tags?post=11542"}],"curies":[{"name":"wp","href":"https:\/\/api.w.org\/{rel}","templated":true}]}}