{"id":12492,"date":"2024-10-22T16:23:56","date_gmt":"2024-10-22T16:23:56","guid":{"rendered":"https:\/\/blogsaverroes.juntadeandalucia.es\/iessalvadorserrano\/?p=12492"},"modified":"2024-10-22T16:23:56","modified_gmt":"2024-10-22T16:23:56","slug":"taller-formativo-sobre-las-tecnicas-de-primeros-auxilios","status":"publish","type":"post","link":"https:\/\/blogsaverroes.juntadeandalucia.es\/iessalvadorserrano\/2024\/10\/22\/taller-formativo-sobre-las-tecnicas-de-primeros-auxilios\/","title":{"rendered":"Taller formativo sobre las t\u00e9cnicas de primeros auxilios"},"content":{"rendered":"<p style=\"text-align: justify\">&nbsp;&nbsp;&nbsp; El departamento de Formaci\u00f3n y Orientaci\u00f3n Laboral \/ Econom\u00eda con motivo del <strong>d\u00eda mundial de la RCP (16 octubre)<\/strong> ha organizado una actividad interdisciplinar entre las etapas educativas de Formaci\u00f3n Profesional y Bachillerato. Concretamente los profesores Rafael Ruiz Luque (profesor de la especialidad de FOL) y la profesora Lydia Hornos Li\u00e9bana (profesora de Econom\u00eda) han organizado un <strong>taller formativo sobre las t\u00e9cnicas de primeros auxilios<\/strong>: <strong>RCP<\/strong>, <strong>DEA<\/strong> (Desfibrilador Externo Autom\u00e1tico) y <strong>OVACE<\/strong>. (Obstrucci\u00f3n V\u00edas A\u00e9reas por Cuerpo Extra\u00f1o).<\/p>\n<p style=\"text-align: justify\">&nbsp;&nbsp; En este taller el alumnado de 1\u00ba Bachillerato de la materia de Econom\u00eda ha aprendido y desarrollado <em>competencias para aplicar est\u00e1s t\u00e9cnicas de primeros auxilios ante una situaci\u00f3n de emergencia,<\/em> dando especial importancia a la utilizaci\u00f3n del DEA formativo para adultos y ni\u00f1os lactantes.<\/p>\n<p style=\"text-align: justify\">&nbsp;&nbsp;&nbsp; El taller ha sido impartido por el profesor Rafael Ruiz Luque y se ha desarrollado gracias al uso de los recursos que nuestro centro educativo ha ido adquiriendo a lo largo de los \u00faltimos a\u00f1os. Gracias a estos recursos se consigue que la formaci\u00f3n que recibe nuestro alumnado sea significativa, profesionalizadora, transversal y vinculada a la realidad laboral del entorno de nuestro centro educativo.<\/p>\nngg_shortcode_0_placeholder\n","protected":false},"excerpt":{"rendered":"<p>&nbsp;&nbsp;&nbsp; El departamento de Formaci\u00f3n y Orientaci\u00f3n Laboral \/ Econom\u00eda con motivo del d\u00eda mundial de la RCP (16 octubre) ha organizado una actividad interdisciplinar&hellip;<\/p>\n","protected":false},"author":5046,"featured_media":0,"comment_status":"closed","ping_status":"open","sticky":false,"template":"","format":"standard","meta":{"ngg_post_thumbnail":0,"footnotes":""},"categories":[1197882,526],"tags":[],"aioseo_notices":[],"_links":{"self":[{"href":"https:\/\/blogsaverroes.juntadeandalucia.es\/iessalvadorserrano\/wp-json\/wp\/v2\/posts\/12492"}],"collection":[{"href":"https:\/\/blogsaverroes.juntadeandalucia.es\/iessalvadorserrano\/wp-json\/wp\/v2\/posts"}],"about":[{"href":"https:\/\/blogsaverroes.juntadeandalucia.es\/iessalvadorserrano\/wp-json\/wp\/v2\/types\/post"}],"author":[{"embeddable":true,"href":"https:\/\/blogsaverroes.juntadeandalucia.es\/iessalvadorserrano\/wp-json\/wp\/v2\/users\/5046"}],"replies":[{"embeddable":true,"href":"https:\/\/blogsaverroes.juntadeandalucia.es\/iessalvadorserrano\/wp-json\/wp\/v2\/comments?post=12492"}],"version-history":[{"count":1,"href":"https:\/\/blogsaverroes.juntadeandalucia.es\/iessalvadorserrano\/wp-json\/wp\/v2\/posts\/12492\/revisions"}],"predecessor-version":[{"id":12505,"href":"https:\/\/blogsaverroes.juntadeandalucia.es\/iessalvadorserrano\/wp-json\/wp\/v2\/posts\/12492\/revisions\/12505"}],"wp:attachment":[{"href":"https:\/\/blogsaverroes.juntadeandalucia.es\/iessalvadorserrano\/wp-json\/wp\/v2\/media?parent=12492"}],"wp:term":[{"taxonomy":"category","embeddable":true,"href":"https:\/\/blogsaverroes.juntadeandalucia.es\/iessalvadorserrano\/wp-json\/wp\/v2\/categories?post=12492"},{"taxonomy":"post_tag","embeddable":true,"href":"https:\/\/blogsaverroes.juntadeandalucia.es\/iessalvadorserrano\/wp-json\/wp\/v2\/tags?post=12492"}],"curies":[{"name":"wp","href":"https:\/\/api.w.org\/{rel}","templated":true}]}}