{"id":13214,"date":"2025-03-17T10:05:39","date_gmt":"2025-03-17T10:05:39","guid":{"rendered":"https:\/\/blogsaverroes.juntadeandalucia.es\/iessalvadorserrano\/?p=13214"},"modified":"2025-03-17T10:09:06","modified_gmt":"2025-03-17T10:09:06","slug":"concurso-de-escritura-rescatando-la-sabiduria-de-nuestras-abuelas-2","status":"publish","type":"post","link":"https:\/\/blogsaverroes.juntadeandalucia.es\/iessalvadorserrano\/2025\/03\/17\/concurso-de-escritura-rescatando-la-sabiduria-de-nuestras-abuelas-2\/","title":{"rendered":"Concurso de escritura: rescatando la sabidur\u00eda de nuestras abuelas"},"content":{"rendered":"<p style=\"text-align: justify\">&nbsp;&nbsp;&nbsp; La semana pasada se entregaron los <strong>premios del concurso<\/strong> de relatos \u00ab<strong>Rescatando la sabidur\u00eda de nuestras abuelas<\/strong>\u00ab, en el que los diferentes trabajos presentados han descrito las experiencias vitales de nuestras abuelas, que les han llevado a tener muchas habilidades y destrezas, tan importantes en la sociedad actual. Se muestran los relatos ganadores, elaborados por Jes\u00fas Andr\u00e9s Hern\u00e1ndez (1\u00ba Bachillerato A), Diana Ord\u00f3\u00f1ez Gonz\u00e1lez (1\u00ba ESO B) y Mar\u00eda Per\u00e1lvarez (3\u00ba ESO B):<\/p>\nngg_shortcode_0_placeholder\n","protected":false},"excerpt":{"rendered":"<p>&nbsp;&nbsp;&nbsp; La semana pasada se entregaron los premios del concurso de relatos \u00abRescatando la sabidur\u00eda de nuestras abuelas\u00ab, en el que los diferentes trabajos presentados&hellip;<\/p>\n","protected":false},"author":5046,"featured_media":0,"comment_status":"closed","ping_status":"open","sticky":false,"template":"","format":"standard","meta":{"ngg_post_thumbnail":0,"footnotes":""},"categories":[431],"tags":[],"aioseo_notices":[],"_links":{"self":[{"href":"https:\/\/blogsaverroes.juntadeandalucia.es\/iessalvadorserrano\/wp-json\/wp\/v2\/posts\/13214"}],"collection":[{"href":"https:\/\/blogsaverroes.juntadeandalucia.es\/iessalvadorserrano\/wp-json\/wp\/v2\/posts"}],"about":[{"href":"https:\/\/blogsaverroes.juntadeandalucia.es\/iessalvadorserrano\/wp-json\/wp\/v2\/types\/post"}],"author":[{"embeddable":true,"href":"https:\/\/blogsaverroes.juntadeandalucia.es\/iessalvadorserrano\/wp-json\/wp\/v2\/users\/5046"}],"replies":[{"embeddable":true,"href":"https:\/\/blogsaverroes.juntadeandalucia.es\/iessalvadorserrano\/wp-json\/wp\/v2\/comments?post=13214"}],"version-history":[{"count":3,"href":"https:\/\/blogsaverroes.juntadeandalucia.es\/iessalvadorserrano\/wp-json\/wp\/v2\/posts\/13214\/revisions"}],"predecessor-version":[{"id":13227,"href":"https:\/\/blogsaverroes.juntadeandalucia.es\/iessalvadorserrano\/wp-json\/wp\/v2\/posts\/13214\/revisions\/13227"}],"wp:attachment":[{"href":"https:\/\/blogsaverroes.juntadeandalucia.es\/iessalvadorserrano\/wp-json\/wp\/v2\/media?parent=13214"}],"wp:term":[{"taxonomy":"category","embeddable":true,"href":"https:\/\/blogsaverroes.juntadeandalucia.es\/iessalvadorserrano\/wp-json\/wp\/v2\/categories?post=13214"},{"taxonomy":"post_tag","embeddable":true,"href":"https:\/\/blogsaverroes.juntadeandalucia.es\/iessalvadorserrano\/wp-json\/wp\/v2\/tags?post=13214"}],"curies":[{"name":"wp","href":"https:\/\/api.w.org\/{rel}","templated":true}]}}