{"id":13941,"date":"2025-09-16T14:40:02","date_gmt":"2025-09-16T14:40:02","guid":{"rendered":"https:\/\/blogsaverroes.juntadeandalucia.es\/iessalvadorserrano\/?p=13941"},"modified":"2025-09-16T14:40:02","modified_gmt":"2025-09-16T14:40:02","slug":"suspension-del-transporte-escolar-el-dia-17","status":"publish","type":"post","link":"https:\/\/blogsaverroes.juntadeandalucia.es\/iessalvadorserrano\/2025\/09\/16\/suspension-del-transporte-escolar-el-dia-17\/","title":{"rendered":"Suspensi\u00f3n del transporte escolar el d\u00eda 17"},"content":{"rendered":"<p style=\"text-align: center\"><a href=\"https:\/\/blogsaverroes.juntadeandalucia.es\/iessalvadorserrano\/files\/2025\/09\/transporte.escolar.suspendido.png\"><img loading=\"lazy\" decoding=\"async\" class=\"wp-image-13942 aligncenter\" src=\"https:\/\/blogsaverroes.juntadeandalucia.es\/iessalvadorserrano\/files\/2025\/09\/transporte.escolar.suspendido-1024x870.png\" alt=\"\" width=\"424\" height=\"360\" srcset=\"https:\/\/blogsaverroes.juntadeandalucia.es\/iessalvadorserrano\/files\/2025\/09\/transporte.escolar.suspendido-1024x870.png 1024w, https:\/\/blogsaverroes.juntadeandalucia.es\/iessalvadorserrano\/files\/2025\/09\/transporte.escolar.suspendido-300x255.png 300w, https:\/\/blogsaverroes.juntadeandalucia.es\/iessalvadorserrano\/files\/2025\/09\/transporte.escolar.suspendido-768x653.png 768w, https:\/\/blogsaverroes.juntadeandalucia.es\/iessalvadorserrano\/files\/2025\/09\/transporte.escolar.suspendido.png 1080w\" sizes=\"(max-width: 424px) 100vw, 424px\" \/><\/a>Por causas ajenas al centro, se suspende el transporte escolar el d\u00eda 17.<\/p>\n<p style=\"text-align: center\">El servicio comenzar\u00e1 en Bobadilla y Noguerones a partir del d\u00eda 18 en horario habitual.<\/p>\n","protected":false},"excerpt":{"rendered":"<p>Por causas ajenas al centro, se suspende el transporte escolar el d\u00eda 17. El servicio comenzar\u00e1 en Bobadilla y Noguerones a partir del d\u00eda 18&hellip;<\/p>\n","protected":false},"author":5046,"featured_media":0,"comment_status":"closed","ping_status":"open","sticky":false,"template":"","format":"standard","meta":{"ngg_post_thumbnail":0,"footnotes":""},"categories":[1197882,526],"tags":[],"aioseo_notices":[],"_links":{"self":[{"href":"https:\/\/blogsaverroes.juntadeandalucia.es\/iessalvadorserrano\/wp-json\/wp\/v2\/posts\/13941"}],"collection":[{"href":"https:\/\/blogsaverroes.juntadeandalucia.es\/iessalvadorserrano\/wp-json\/wp\/v2\/posts"}],"about":[{"href":"https:\/\/blogsaverroes.juntadeandalucia.es\/iessalvadorserrano\/wp-json\/wp\/v2\/types\/post"}],"author":[{"embeddable":true,"href":"https:\/\/blogsaverroes.juntadeandalucia.es\/iessalvadorserrano\/wp-json\/wp\/v2\/users\/5046"}],"replies":[{"embeddable":true,"href":"https:\/\/blogsaverroes.juntadeandalucia.es\/iessalvadorserrano\/wp-json\/wp\/v2\/comments?post=13941"}],"version-history":[{"count":1,"href":"https:\/\/blogsaverroes.juntadeandalucia.es\/iessalvadorserrano\/wp-json\/wp\/v2\/posts\/13941\/revisions"}],"predecessor-version":[{"id":13943,"href":"https:\/\/blogsaverroes.juntadeandalucia.es\/iessalvadorserrano\/wp-json\/wp\/v2\/posts\/13941\/revisions\/13943"}],"wp:attachment":[{"href":"https:\/\/blogsaverroes.juntadeandalucia.es\/iessalvadorserrano\/wp-json\/wp\/v2\/media?parent=13941"}],"wp:term":[{"taxonomy":"category","embeddable":true,"href":"https:\/\/blogsaverroes.juntadeandalucia.es\/iessalvadorserrano\/wp-json\/wp\/v2\/categories?post=13941"},{"taxonomy":"post_tag","embeddable":true,"href":"https:\/\/blogsaverroes.juntadeandalucia.es\/iessalvadorserrano\/wp-json\/wp\/v2\/tags?post=13941"}],"curies":[{"name":"wp","href":"https:\/\/api.w.org\/{rel}","templated":true}]}}