{"id":14642,"date":"2026-01-30T09:48:56","date_gmt":"2026-01-30T09:48:56","guid":{"rendered":"https:\/\/blogsaverroes.juntadeandalucia.es\/iessalvadorserrano\/?p=14642"},"modified":"2026-01-30T09:56:11","modified_gmt":"2026-01-30T09:56:11","slug":"pruebas-para-la-obtencion-del-titulo-de-graduado-en-educacion-secundaria-obligatoria","status":"publish","type":"post","link":"https:\/\/blogsaverroes.juntadeandalucia.es\/iessalvadorserrano\/2026\/01\/30\/pruebas-para-la-obtencion-del-titulo-de-graduado-en-educacion-secundaria-obligatoria\/","title":{"rendered":"Pruebas para la obtenci\u00f3n del t\u00edtulo de Graduado en Educaci\u00f3n Secundaria Obligatoria"},"content":{"rendered":"<p style=\"text-align: justify\">&nbsp; &nbsp; El 29 de enero de 2026 se ha publicado en BOJA la resoluci\u00f3n de la Direcci\u00f3n General de Formaci\u00f3n Profesional y Educaci\u00f3n Permanente, por la que se convocan para el a\u00f1o 2026 las <strong>pruebas para la obtenci\u00f3n del t\u00edtulo de Graduado en Educaci\u00f3n Secundaria Obligatoria para personas mayores de dieciocho a\u00f1os.<\/strong><\/p>\n<p style=\"text-align: justify\">&nbsp; &nbsp; Estas pruebas tendr\u00e1n lugar el s\u00e1bado<strong> 11 de abril<\/strong>, en su primera convocatoria, y el s\u00e1bado <strong>20 de junio<\/strong>, en su segunda convocatoria.<\/p>\n<p style=\"text-align: justify\">&nbsp; &nbsp; El <strong>plazo de presentaci\u00f3n de solicitudes<\/strong> para la <strong>primera convocatoria<\/strong> del 11 de abril estar\u00e1 comprendido entre el <strong>3 y el 17 de febrero<\/strong>, ambos incluidos.<\/p>\n<p style=\"text-align: justify\">&nbsp; &nbsp; El <strong>plazo de presentaci\u00f3n de solicitude<\/strong>s para la <strong>segunda convocatoria<\/strong> de 20 de junio estar\u00e1 comprendido entre el <strong>13 de abril y el 4 de mayo<\/strong>, ambos incluidos, de acuerdo con el procedimiento establecido en el art\u00edculo 8 de la Orden de 21 de enero de 2026, por la que se regulan las pruebas para la obtenci\u00f3n del t\u00edtulo Graduado en Educaci\u00f3n Secundaria Obligatoria para mayores de 18 a\u00f1os en la Comunidad Aut\u00f3noma de Andaluc\u00eda.<\/p>\n<p style=\"text-align: center\"><a href=\"https:\/\/www.juntadeandalucia.es\/educacion\/portales\/web\/educacion-permanente\/w\/resolucion-de-23-de-enero-2026-por-la-que-se-convocan-para-el-ano-2026-las-pruebas-para-la-obtencion-del-titulo-de-graduado-en-educacion-secundaria-obligatoria-para-personas-mayores-de-dieciocho-anos?redirect=%2Feducacion%2Fportales%2Fweb%2Feducacion-permanente\">ENLACE A LA RESOLUCI\u00d3N<\/a><\/p>\n","protected":false},"excerpt":{"rendered":"<p>&nbsp; &nbsp; El 29 de enero de 2026 se ha publicado en BOJA la resoluci\u00f3n de la Direcci\u00f3n General de Formaci\u00f3n Profesional y Educaci\u00f3n Permanente,&hellip;<\/p>\n","protected":false},"author":5046,"featured_media":0,"comment_status":"closed","ping_status":"open","sticky":false,"template":"","format":"standard","meta":{"ngg_post_thumbnail":0,"footnotes":""},"categories":[526],"tags":[],"aioseo_notices":[],"_links":{"self":[{"href":"https:\/\/blogsaverroes.juntadeandalucia.es\/iessalvadorserrano\/wp-json\/wp\/v2\/posts\/14642"}],"collection":[{"href":"https:\/\/blogsaverroes.juntadeandalucia.es\/iessalvadorserrano\/wp-json\/wp\/v2\/posts"}],"about":[{"href":"https:\/\/blogsaverroes.juntadeandalucia.es\/iessalvadorserrano\/wp-json\/wp\/v2\/types\/post"}],"author":[{"embeddable":true,"href":"https:\/\/blogsaverroes.juntadeandalucia.es\/iessalvadorserrano\/wp-json\/wp\/v2\/users\/5046"}],"replies":[{"embeddable":true,"href":"https:\/\/blogsaverroes.juntadeandalucia.es\/iessalvadorserrano\/wp-json\/wp\/v2\/comments?post=14642"}],"version-history":[{"count":2,"href":"https:\/\/blogsaverroes.juntadeandalucia.es\/iessalvadorserrano\/wp-json\/wp\/v2\/posts\/14642\/revisions"}],"predecessor-version":[{"id":14645,"href":"https:\/\/blogsaverroes.juntadeandalucia.es\/iessalvadorserrano\/wp-json\/wp\/v2\/posts\/14642\/revisions\/14645"}],"wp:attachment":[{"href":"https:\/\/blogsaverroes.juntadeandalucia.es\/iessalvadorserrano\/wp-json\/wp\/v2\/media?parent=14642"}],"wp:term":[{"taxonomy":"category","embeddable":true,"href":"https:\/\/blogsaverroes.juntadeandalucia.es\/iessalvadorserrano\/wp-json\/wp\/v2\/categories?post=14642"},{"taxonomy":"post_tag","embeddable":true,"href":"https:\/\/blogsaverroes.juntadeandalucia.es\/iessalvadorserrano\/wp-json\/wp\/v2\/tags?post=14642"}],"curies":[{"name":"wp","href":"https:\/\/api.w.org\/{rel}","templated":true}]}}