{"id":14951,"date":"2026-03-27T12:32:13","date_gmt":"2026-03-27T12:32:13","guid":{"rendered":"https:\/\/blogsaverroes.juntadeandalucia.es\/iessalvadorserrano\/?p=14951"},"modified":"2026-03-27T12:32:13","modified_gmt":"2026-03-27T12:32:13","slug":"campamento-de-inmersion-linguistica","status":"publish","type":"post","link":"https:\/\/blogsaverroes.juntadeandalucia.es\/iessalvadorserrano\/2026\/03\/27\/campamento-de-inmersion-linguistica\/","title":{"rendered":"Campamento de inmersi\u00f3n ling\u00fc\u00edstica"},"content":{"rendered":"<p style=\"text-align: justify\">&nbsp; &nbsp; Durante los d\u00edas 23 al 25 de marzo, el alumnado de 2\u00ba de ESO ha participado en un enriquecedor <strong>campamento<\/strong> de <strong>inmersi\u00f3n ling\u00fc\u00edstica<\/strong> celebrado en <strong>Huelva<\/strong>, una experiencia financiada con <strong>fondos sociales<\/strong> europeos dentro del <strong>programa de competencia ling\u00fc\u00edstica para centros biling\u00fces de la Junta de Andaluc\u00eda<\/strong>.<\/p>\n<p style=\"text-align: justify\">&nbsp; &nbsp; A lo largo de estos d\u00edas, los estudiantes han disfrutado de una amplia variedad de actividades en plena naturaleza, as\u00ed como din\u00e1micas l\u00fadicas, deportivas y educativas dise\u00f1adas para fomentar el aprendizaje activo. Todas las actividades se han desarrollado utilizando el ingl\u00e9s como lengua vehicular, lo que ha permitido al alumnado mejorar su competencia comunicativa de forma pr\u00e1ctica, natural y motivadora.<\/p>\n<p style=\"text-align: justify\">&nbsp; &nbsp; Sin duda, ha sido una experiencia muy positiva, en la que el aprendizaje del idioma se ha combinado con la convivencia, el trabajo en equipo y el contacto con el entorno natural, contribuyendo al desarrollo integral de nuestro alumnado.<\/p>\nngg_shortcode_0_placeholder\n","protected":false},"excerpt":{"rendered":"<p>&nbsp; &nbsp; Durante los d\u00edas 23 al 25 de marzo, el alumnado de 2\u00ba de ESO ha participado en un enriquecedor campamento de inmersi\u00f3n ling\u00fc\u00edstica&hellip;<\/p>\n","protected":false},"author":5046,"featured_media":0,"comment_status":"closed","ping_status":"open","sticky":false,"template":"","format":"standard","meta":{"ngg_post_thumbnail":0,"footnotes":""},"categories":[5991,526],"tags":[],"aioseo_notices":[],"_links":{"self":[{"href":"https:\/\/blogsaverroes.juntadeandalucia.es\/iessalvadorserrano\/wp-json\/wp\/v2\/posts\/14951"}],"collection":[{"href":"https:\/\/blogsaverroes.juntadeandalucia.es\/iessalvadorserrano\/wp-json\/wp\/v2\/posts"}],"about":[{"href":"https:\/\/blogsaverroes.juntadeandalucia.es\/iessalvadorserrano\/wp-json\/wp\/v2\/types\/post"}],"author":[{"embeddable":true,"href":"https:\/\/blogsaverroes.juntadeandalucia.es\/iessalvadorserrano\/wp-json\/wp\/v2\/users\/5046"}],"replies":[{"embeddable":true,"href":"https:\/\/blogsaverroes.juntadeandalucia.es\/iessalvadorserrano\/wp-json\/wp\/v2\/comments?post=14951"}],"version-history":[{"count":1,"href":"https:\/\/blogsaverroes.juntadeandalucia.es\/iessalvadorserrano\/wp-json\/wp\/v2\/posts\/14951\/revisions"}],"predecessor-version":[{"id":14961,"href":"https:\/\/blogsaverroes.juntadeandalucia.es\/iessalvadorserrano\/wp-json\/wp\/v2\/posts\/14951\/revisions\/14961"}],"wp:attachment":[{"href":"https:\/\/blogsaverroes.juntadeandalucia.es\/iessalvadorserrano\/wp-json\/wp\/v2\/media?parent=14951"}],"wp:term":[{"taxonomy":"category","embeddable":true,"href":"https:\/\/blogsaverroes.juntadeandalucia.es\/iessalvadorserrano\/wp-json\/wp\/v2\/categories?post=14951"},{"taxonomy":"post_tag","embeddable":true,"href":"https:\/\/blogsaverroes.juntadeandalucia.es\/iessalvadorserrano\/wp-json\/wp\/v2\/tags?post=14951"}],"curies":[{"name":"wp","href":"https:\/\/api.w.org\/{rel}","templated":true}]}}