{"id":14965,"date":"2026-03-27T18:22:04","date_gmt":"2026-03-27T18:22:04","guid":{"rendered":"https:\/\/blogsaverroes.juntadeandalucia.es\/iessalvadorserrano\/?p=14965"},"modified":"2026-03-27T18:26:53","modified_gmt":"2026-03-27T18:26:53","slug":"excursion-a-laguna-honda","status":"publish","type":"post","link":"https:\/\/blogsaverroes.juntadeandalucia.es\/iessalvadorserrano\/2026\/03\/27\/excursion-a-laguna-honda\/","title":{"rendered":"Excursi\u00f3n a la Laguna Honda"},"content":{"rendered":"<p style=\"text-align: justify\">&nbsp; &nbsp; Finalizamos este segundo trimestre con una excursi\u00f3n a la <strong>Laguna Honda<\/strong>, con el alumnado de 1\u00ba ESO. Laguna Honda es uno de los humedales salobres m\u00e1s importantes de Andaluc\u00eda, declarada Reserva Natural desde 1989. Y en el d\u00eda de hoy, hemos tenido la oportunidad de ver algunas aves, como por ejemplo, el pato malvas\u00eda o el \u00e1nade real.<\/p>\nngg_shortcode_0_placeholder\n","protected":false},"excerpt":{"rendered":"<p>&nbsp; &nbsp; Finalizamos este segundo trimestre con una excursi\u00f3n a la Laguna Honda, con el alumnado de 1\u00ba ESO. Laguna Honda es uno de los&hellip;<\/p>\n","protected":false},"author":5046,"featured_media":0,"comment_status":"closed","ping_status":"open","sticky":false,"template":"","format":"standard","meta":{"ngg_post_thumbnail":0,"footnotes":""},"categories":[5991],"tags":[],"aioseo_notices":[],"_links":{"self":[{"href":"https:\/\/blogsaverroes.juntadeandalucia.es\/iessalvadorserrano\/wp-json\/wp\/v2\/posts\/14965"}],"collection":[{"href":"https:\/\/blogsaverroes.juntadeandalucia.es\/iessalvadorserrano\/wp-json\/wp\/v2\/posts"}],"about":[{"href":"https:\/\/blogsaverroes.juntadeandalucia.es\/iessalvadorserrano\/wp-json\/wp\/v2\/types\/post"}],"author":[{"embeddable":true,"href":"https:\/\/blogsaverroes.juntadeandalucia.es\/iessalvadorserrano\/wp-json\/wp\/v2\/users\/5046"}],"replies":[{"embeddable":true,"href":"https:\/\/blogsaverroes.juntadeandalucia.es\/iessalvadorserrano\/wp-json\/wp\/v2\/comments?post=14965"}],"version-history":[{"count":2,"href":"https:\/\/blogsaverroes.juntadeandalucia.es\/iessalvadorserrano\/wp-json\/wp\/v2\/posts\/14965\/revisions"}],"predecessor-version":[{"id":14971,"href":"https:\/\/blogsaverroes.juntadeandalucia.es\/iessalvadorserrano\/wp-json\/wp\/v2\/posts\/14965\/revisions\/14971"}],"wp:attachment":[{"href":"https:\/\/blogsaverroes.juntadeandalucia.es\/iessalvadorserrano\/wp-json\/wp\/v2\/media?parent=14965"}],"wp:term":[{"taxonomy":"category","embeddable":true,"href":"https:\/\/blogsaverroes.juntadeandalucia.es\/iessalvadorserrano\/wp-json\/wp\/v2\/categories?post=14965"},{"taxonomy":"post_tag","embeddable":true,"href":"https:\/\/blogsaverroes.juntadeandalucia.es\/iessalvadorserrano\/wp-json\/wp\/v2\/tags?post=14965"}],"curies":[{"name":"wp","href":"https:\/\/api.w.org\/{rel}","templated":true}]}}