{"id":7112,"date":"2021-02-21T13:09:43","date_gmt":"2021-02-21T13:09:43","guid":{"rendered":"https:\/\/blogsaverroes.juntadeandalucia.es\/iessalvadorserrano\/?p=7112"},"modified":"2021-02-21T13:09:43","modified_gmt":"2021-02-21T13:09:43","slug":"36-olimpiada-matematica-thales","status":"publish","type":"post","link":"https:\/\/blogsaverroes.juntadeandalucia.es\/iessalvadorserrano\/2021\/02\/21\/36-olimpiada-matematica-thales\/","title":{"rendered":"36 Olimpiada Matem\u00e1tica Thales"},"content":{"rendered":"<p><a href=\"https:\/\/blogsaverroes.juntadeandalucia.es\/iessalvadorserrano\/files\/2021\/02\/Cartel_2021_regional_1000-Thales.jpg\"><img loading=\"lazy\" decoding=\"async\" class=\" wp-image-7113 alignleft\" src=\"https:\/\/blogsaverroes.juntadeandalucia.es\/iessalvadorserrano\/files\/2021\/02\/Cartel_2021_regional_1000-Thales.jpg\" alt=\"\" width=\"175\" height=\"248\"><\/a><\/p>\n<p style=\"text-align: justify\">&nbsp; &nbsp; La Sociedad Andaluza de Educaci\u00f3n Matem\u00e1tica Thales convoca la 36\u00aa edici\u00f3n de la Olimpiada Matem\u00e1tica para alumnos y alumnas matriculados en 2\u00ba ESO de los centros educativos de Andaluc\u00eda.<\/p>\n<p style=\"text-align: justify\">&nbsp; &nbsp; El plazo de inscripci\u00f3n permanecer\u00e1 abierto hasta <strong>las 16:00 horas del 5 de marzo de 2021.<\/strong><\/p>\n<p style=\"text-align: center\"><a href=\"https:\/\/www.juntadeandalucia.es\/educacion\/portals\/web\/ced\/novedades\/-\/novedades\/detalle\/ep332ikUb0dM\/36-olimpiada-matematica-thales\">M\u00e1s informaci\u00f3n aqu\u00ed<\/a><\/p>\n","protected":false},"excerpt":{"rendered":"<p>&nbsp; &nbsp; La Sociedad Andaluza de Educaci\u00f3n Matem\u00e1tica Thales convoca la 36\u00aa edici\u00f3n de la Olimpiada Matem\u00e1tica para alumnos y alumnas matriculados en 2\u00ba ESO&hellip;<\/p>\n","protected":false},"author":5046,"featured_media":0,"comment_status":"closed","ping_status":"open","sticky":false,"template":"","format":"standard","meta":{"ngg_post_thumbnail":0,"footnotes":""},"categories":[431],"tags":[],"aioseo_notices":[],"_links":{"self":[{"href":"https:\/\/blogsaverroes.juntadeandalucia.es\/iessalvadorserrano\/wp-json\/wp\/v2\/posts\/7112"}],"collection":[{"href":"https:\/\/blogsaverroes.juntadeandalucia.es\/iessalvadorserrano\/wp-json\/wp\/v2\/posts"}],"about":[{"href":"https:\/\/blogsaverroes.juntadeandalucia.es\/iessalvadorserrano\/wp-json\/wp\/v2\/types\/post"}],"author":[{"embeddable":true,"href":"https:\/\/blogsaverroes.juntadeandalucia.es\/iessalvadorserrano\/wp-json\/wp\/v2\/users\/5046"}],"replies":[{"embeddable":true,"href":"https:\/\/blogsaverroes.juntadeandalucia.es\/iessalvadorserrano\/wp-json\/wp\/v2\/comments?post=7112"}],"version-history":[{"count":1,"href":"https:\/\/blogsaverroes.juntadeandalucia.es\/iessalvadorserrano\/wp-json\/wp\/v2\/posts\/7112\/revisions"}],"predecessor-version":[{"id":7114,"href":"https:\/\/blogsaverroes.juntadeandalucia.es\/iessalvadorserrano\/wp-json\/wp\/v2\/posts\/7112\/revisions\/7114"}],"wp:attachment":[{"href":"https:\/\/blogsaverroes.juntadeandalucia.es\/iessalvadorserrano\/wp-json\/wp\/v2\/media?parent=7112"}],"wp:term":[{"taxonomy":"category","embeddable":true,"href":"https:\/\/blogsaverroes.juntadeandalucia.es\/iessalvadorserrano\/wp-json\/wp\/v2\/categories?post=7112"},{"taxonomy":"post_tag","embeddable":true,"href":"https:\/\/blogsaverroes.juntadeandalucia.es\/iessalvadorserrano\/wp-json\/wp\/v2\/tags?post=7112"}],"curies":[{"name":"wp","href":"https:\/\/api.w.org\/{rel}","templated":true}]}}