{"id":321,"date":"2012-11-12T16:18:00","date_gmt":"2012-11-12T16:18:00","guid":{"rendered":"http:\/\/iessanalvaro.es\/2012\/11\/12\/cine-africano\/"},"modified":"2012-11-12T16:18:00","modified_gmt":"2012-11-12T16:18:00","slug":"cine-africano","status":"publish","type":"post","link":"https:\/\/blogsaverroes.juntadeandalucia.es\/iessanalvaro\/2012\/11\/12\/cine-africano\/","title":{"rendered":"CINE AFRICANO"},"content":{"rendered":"<p>El pasado d\u00eda 18 de Octubre, tuvimos la oportunidad de ir al visionado de la pel\u00edcula keniata <i>Soul Boy<\/i>, al Teatro G\u00f3ngora de nuestra ciudad, con algunos alumnos de 4\u00ba Eso.<\/p>\n<div class=\"separator\" style=\"clear: both;text-align: center\">\n<a href=\"http:\/\/4.bp.blogspot.com\/-6sB5SUuZxys\/UKEhEClZHKI\/AAAAAAAABAs\/o9nC3uwen20\/s1600\/IMG_2411.jpg\" style=\"margin-left: 1em;margin-right: 1em\"><img fetchpriority=\"high\" decoding=\"async\" border=\"0\" height=\"240\" src=\"http:\/\/iessanalvaro.es\/wp-content\/uploads\/2012\/11\/IMG_2411.jpg\" width=\"320\" \/><\/a><\/div>\n<p>Fue una experiencia magn\u00edfica, puesto que pudimos difrutar de una pel\u00edcula muy rica en matices e inmersa en valores humanos cuyo eje vertebrador es la superaci\u00f3n personal del protagonista. <\/p>\n<p><\/p>\n","protected":false},"excerpt":{"rendered":"<p>El pasado d\u00eda 18 de Octubre, tuvimos la oportunidad de ir al visionado de la pel\u00edcula keniata Soul Boy, al Teatro G\u00f3ngora de nuestra ciudad,&hellip;<\/p>\n","protected":false},"author":18399,"featured_media":990,"comment_status":"open","ping_status":"open","sticky":false,"template":"","format":"standard","meta":{"ngg_post_thumbnail":0,"footnotes":""},"categories":[1],"tags":[],"aioseo_notices":[],"_links":{"self":[{"href":"https:\/\/blogsaverroes.juntadeandalucia.es\/iessanalvaro\/wp-json\/wp\/v2\/posts\/321"}],"collection":[{"href":"https:\/\/blogsaverroes.juntadeandalucia.es\/iessanalvaro\/wp-json\/wp\/v2\/posts"}],"about":[{"href":"https:\/\/blogsaverroes.juntadeandalucia.es\/iessanalvaro\/wp-json\/wp\/v2\/types\/post"}],"author":[{"embeddable":true,"href":"https:\/\/blogsaverroes.juntadeandalucia.es\/iessanalvaro\/wp-json\/wp\/v2\/users\/18399"}],"replies":[{"embeddable":true,"href":"https:\/\/blogsaverroes.juntadeandalucia.es\/iessanalvaro\/wp-json\/wp\/v2\/comments?post=321"}],"version-history":[{"count":0,"href":"https:\/\/blogsaverroes.juntadeandalucia.es\/iessanalvaro\/wp-json\/wp\/v2\/posts\/321\/revisions"}],"wp:featuredmedia":[{"embeddable":true,"href":"https:\/\/blogsaverroes.juntadeandalucia.es\/iessanalvaro\/wp-json\/"}],"wp:attachment":[{"href":"https:\/\/blogsaverroes.juntadeandalucia.es\/iessanalvaro\/wp-json\/wp\/v2\/media?parent=321"}],"wp:term":[{"taxonomy":"category","embeddable":true,"href":"https:\/\/blogsaverroes.juntadeandalucia.es\/iessanalvaro\/wp-json\/wp\/v2\/categories?post=321"},{"taxonomy":"post_tag","embeddable":true,"href":"https:\/\/blogsaverroes.juntadeandalucia.es\/iessanalvaro\/wp-json\/wp\/v2\/tags?post=321"}],"curies":[{"name":"wp","href":"https:\/\/api.w.org\/{rel}","templated":true}]}}