{"id":347,"date":"2011-03-29T14:49:00","date_gmt":"2011-03-29T14:49:00","guid":{"rendered":"http:\/\/iessanalvaro.es\/2011\/03\/29\/salidas-en-marzo\/"},"modified":"2011-03-29T14:49:00","modified_gmt":"2011-03-29T14:49:00","slug":"salidas-en-marzo","status":"publish","type":"post","link":"https:\/\/blogsaverroes.juntadeandalucia.es\/iessanalvaro\/2011\/03\/29\/salidas-en-marzo\/","title":{"rendered":"SALIDAS EN MARZO"},"content":{"rendered":"<div style=\"font-family: Verdana,sans-serif;text-align: center\">\nEmpieza el buen tiempo y &#8230;.. SALIMOS DE EXCURSI\u00d3N. Estas son algunas de las salidas que se han llevado a cabo en Marzo. Puedes encontrar m\u00e1s fotos en las p\u00e1ginas de los departamentos.<\/div>\n<div style=\"font-family: Verdana,sans-serif\">\n\n<\/div>\n<div style=\"font-family: Verdana,sans-serif\">\n\n<\/div>\n<div style=\"font-family: Verdana,sans-serif;text-align: center\">\nCONOCE TU MARCA CON LOS ALUMN@S DE 2\u00ba DE ESO. D\u00cdA 17 DE MARZO<\/div>\n<div style=\"font-family: Verdana,sans-serif;text-align: center\">\n\n<\/div>\n<div style=\"font-family: Verdana,sans-serif;text-align: center\">\n<div class=\"separator\" style=\"clear: both;text-align: center\">\n<a href=\"http:\/\/3.bp.blogspot.com\/-Zp8js9RxquA\/TZXceVLI5LI\/AAAAAAAAAjQ\/dFdm8zBBfIk\/s1600\/IMGP1993.JPG\" style=\"clear: left;float: left;margin-bottom: 1em;margin-right: 1em\"><img fetchpriority=\"high\" decoding=\"async\" border=\"0\" height=\"300\" src=\"http:\/\/iessanalvaro.es\/wp-content\/uploads\/2011\/03\/IMGP1993.jpg\" width=\"400\" \/><\/a><\/div>\n<p><\/p>\n<div class=\"separator\" style=\"clear: both;text-align: center\">\n<a href=\"http:\/\/3.bp.blogspot.com\/-jgJw2Zy9BME\/TZXcrAgmAGI\/AAAAAAAAAjU\/TPxvSmOSY2M\/s1600\/IMGP1972.JPG\" style=\"clear: right;float: right;margin-bottom: 1em;margin-left: 1em\"><img decoding=\"async\" border=\"0\" height=\"300\" src=\"http:\/\/iessanalvaro.es\/wp-content\/uploads\/2011\/03\/IMGP1972.jpg\" width=\"400\" \/><\/a><\/div>\n<p>\n<\/div>\n<div style=\"font-family: Verdana,sans-serif;text-align: center\">\n<\/div>\n<div style=\"font-family: Verdana,sans-serif;text-align: center\">\n <\/div>\n<div style=\"font-family: Verdana,sans-serif;text-align: center\">\nTEATRO EN FRANC\u00c9S D\u00cdA 23 MARZO. ALUMN@S DE BACHILLERATO.<\/div>\n<div style=\"font-family: Verdana,sans-serif;text-align: center\">\n\n<\/div>\n<div style=\"font-family: Verdana,sans-serif;text-align: center\">\n\n<\/div>\n<div style=\"font-family: Verdana,sans-serif;text-align: center\">\n\n<\/div>\n<div style=\"font-family: Verdana,sans-serif;text-align: center\">\n\n<\/div>\n<div style=\"font-family: Verdana,sans-serif;text-align: center\">\nPASEOS POR C\u00d3RDOBA. RUTA ROMANA. ALUMN@S DE 1\u00ba ESO. D\u00cdA 24 DE MARZO.<\/div>\n<div style=\"font-family: Verdana,sans-serif;text-align: center\">\nComenzamos en la Puerta del Rinc\u00f3n. <\/div>\n<div class=\"separator\" style=\"clear: both;font-family: Verdana,sans-serif;text-align: center\">\n<a href=\"http:\/\/1.bp.blogspot.com\/-4apkEbYqzEg\/TZHpZksZeFI\/AAAAAAAAAic\/geRS8cnpS8I\/s1600\/03242011595.JPG\" style=\"margin-left: 1em;margin-right: 1em\"><br \/>\n<\/a><\/div>\n<div class=\"separator\" style=\"clear: both;font-family: Verdana,sans-serif;text-align: center\">\n<a href=\"http:\/\/1.bp.blogspot.com\/-j0ny0QbestM\/TZHqF-OlXOI\/AAAAAAAAAis\/gxX2vN-A5iI\/s1600\/03242011593.JPG\" style=\"clear: left;float: left;margin-bottom: 1em;margin-right: 1em\"><img decoding=\"async\" border=\"0\" height=\"225\" src=\"http:\/\/iessanalvaro.es\/wp-content\/uploads\/2011\/03\/03242011593.jpg\" width=\"400\" \/><\/a><a href=\"http:\/\/2.bp.blogspot.com\/-eXtOnb7L5Q0\/TZHq459xQ6I\/AAAAAAAAAiw\/CtPwcMAONSg\/s1600\/03242011594.JPG\" style=\"margin-left: 1em;margin-right: 1em\"><img loading=\"lazy\" decoding=\"async\" border=\"0\" height=\"225\" src=\"http:\/\/iessanalvaro.es\/wp-content\/uploads\/2011\/03\/03242011594.jpg\" width=\"400\" \/><\/a><\/div>\n<div style=\"font-family: Verdana,sans-serif\">\n\n<\/div>\n<div style=\"font-family: Verdana,sans-serif\">\nVisitamos el interior del Mausoleo de la Victoria.<\/div>\n<div style=\"font-family: Verdana,sans-serif\">\n\n<\/div>\n<div class=\"separator\" style=\"clear: both;font-family: Verdana,sans-serif;text-align: center\">\n&nbsp;<a href=\"http:\/\/2.bp.blogspot.com\/-SfHld20Psug\/TZHtVN9huhI\/AAAAAAAAAi8\/fpQ1c5rw6mw\/s1600\/03242011613.JPG\" style=\"margin-left: 1em;margin-right: 1em\"><img loading=\"lazy\" decoding=\"async\" border=\"0\" height=\"225\" src=\"http:\/\/iessanalvaro.es\/wp-content\/uploads\/2011\/03\/03242011613.jpg\" width=\"400\" \/><\/a><\/div>\n<div style=\"font-family: Verdana,sans-serif\">\n&nbsp;Nos encontramos con los de Bachillerato que iban en bici por la Ruta Bot\u00e1nica.<\/div>\n<div style=\"font-family: Verdana,sans-serif\">\n\n<\/div>\n<div class=\"separator\" style=\"clear: both;font-family: Verdana,sans-serif;text-align: center\">\n<a href=\"http:\/\/2.bp.blogspot.com\/-Ktk_XjYHGk4\/TZHrMF-syeI\/AAAAAAAAAi4\/xSuLZ96mb2Y\/s1600\/03242011615.JPG\" style=\"margin-left: 1em;margin-right: 1em\"><img loading=\"lazy\" decoding=\"async\" border=\"0\" height=\"225\" src=\"http:\/\/iessanalvaro.es\/wp-content\/uploads\/2011\/03\/03242011615.jpg\" width=\"400\" \/>&nbsp;<\/a><\/div>\n<div class=\"separator\" style=\"clear: both;font-family: Verdana,sans-serif;text-align: center\">\n\n<\/div>\n<div class=\"separator\" style=\"clear: both;font-family: Verdana,sans-serif;text-align: center\">\nTerminamos en el Museo Arqueol\u00f3gico<\/div>\n<div class=\"separator\" style=\"clear: both;font-family: Verdana,sans-serif;text-align: center\">\n<a href=\"http:\/\/3.bp.blogspot.com\/-OjBvEGGIzp8\/TZHpvetXdGI\/AAAAAAAAAik\/E--L5yYTnTA\/s1600\/03242011620.JPG\" style=\"margin-left: 1em;margin-right: 1em\"><img loading=\"lazy\" decoding=\"async\" border=\"0\" height=\"225\" src=\"http:\/\/iessanalvaro.es\/wp-content\/uploads\/2011\/03\/03242011620.jpg\" width=\"400\" \/><\/a><\/div>\n<div style=\"font-family: Verdana,sans-serif\">\n\n<\/div>\n<div style=\"font-family: Verdana,sans-serif\">\n\n<\/div>\n<div style=\"font-family: Verdana,sans-serif;text-align: center\">\n<\/div>\n<div style=\"font-family: Verdana,sans-serif;text-align: center\">\nPASEOS EN BICI. RUTA BOT\u00c1NICA POR LOS JARDINES DE C\u00d3RDOBA. D\u00cdA 24&nbsp; MARZO.<\/div>\n<div style=\"font-family: Verdana,sans-serif;text-align: center\">\n\n<\/div>\n<div style=\"font-family: Verdana,sans-serif;text-align: center\">\n\n<\/div>\n<div style=\"font-family: Verdana,sans-serif;text-align: center\">\n\n<\/div>\n<div style=\"font-family: Verdana,sans-serif;text-align: center\">\nVISITA A RABANALES Y A LA POLIT\u00c9CNICA. D\u00cdA 25 MARZO. ALUMN@S BACHILLERATO.<\/div>\n<div class=\"separator\" style=\"clear: both;font-family: Verdana,sans-serif;text-align: center\">\n<a href=\"http:\/\/1.bp.blogspot.com\/-0RnfpRODT8w\/TZHw7tRkjpI\/AAAAAAAAAjE\/uqFPdGqnOGA\/s1600\/DSCN1387%25282%2529.JPG\" style=\"clear: left;float: left;margin-bottom: 1em;margin-right: 1em\"><img loading=\"lazy\" decoding=\"async\" border=\"0\" height=\"300\" src=\"http:\/\/iessanalvaro.es\/wp-content\/uploads\/2011\/03\/DSCN138728229.jpg\" width=\"400\" \/><\/a><\/div>\n<div style=\"font-family: Verdana,sans-serif\">\n\n<\/div>\n<table align=\"center\" cellpadding=\"0\" cellspacing=\"0\" class=\"tr-caption-container\" style=\"float: right;margin-left: 1em;text-align: right\">\n<tbody>\n<tr>\n<td style=\"text-align: center\"><a href=\"http:\/\/1.bp.blogspot.com\/-VZgzktX6lCY\/TZHxdKCoMTI\/AAAAAAAAAjI\/U0drAop6eZc\/s1600\/DSCN1378.JPG\" style=\"margin-left: auto;margin-right: auto\"><img loading=\"lazy\" decoding=\"async\" border=\"0\" height=\"300\" src=\"http:\/\/iessanalvaro.es\/wp-content\/uploads\/2011\/03\/DSCN1378.jpg\" width=\"400\" \/><\/a><\/td>\n<\/tr>\n<tr>\n<td class=\"tr-caption\" style=\"text-align: center\"><\/td>\n<\/tr>\n<\/tbody>\n<\/table>\n<p><\/p>\n<div style=\"font-family: Verdana,sans-serif;text-align: center\">\n\n<\/div>\n<div style=\"font-family: Verdana,sans-serif\">\n\n<\/div>\n<div style=\"font-family: Verdana,sans-serif;text-align: center\">\n<p>\nCONOCE EL R\u00cdO. ALUMN@S 2\u00ba ESO.D\u00cdA 30 MARZO.<\/div>\n<div style=\"font-family: Verdana,sans-serif;text-align: center\">\n\n<\/div>\n<div style=\"font-family: Verdana,sans-serif;text-align: center\">\n<div class=\"separator\" style=\"clear: both;text-align: center\">\n<a href=\"http:\/\/3.bp.blogspot.com\/-w-wlrubX3Oo\/TZXeHiQbCTI\/AAAAAAAAAjY\/l9HGuMzOaRg\/s1600\/IMGP2011.JPG\" style=\"margin-left: 1em;margin-right: 1em\"><img loading=\"lazy\" decoding=\"async\" border=\"0\" height=\"300\" src=\"http:\/\/iessanalvaro.es\/wp-content\/uploads\/2011\/03\/IMGP2011.jpg\" width=\"400\" \/><\/a><\/div>\n<p>\n<\/div>\n<div style=\"font-family: Verdana,sans-serif;text-align: center\">\n\n<\/div>\n<div style=\"font-family: Verdana,sans-serif;text-align: center\">\nVISITA AL CABRIL. ALUMN@S DE CICLOS. D\u00cdA 31 MARZO.<\/div>\n<div style=\"font-family: Verdana,sans-serif;text-align: center\">\n\n<\/div>\n<div style=\"font-family: Verdana,sans-serif;text-align: center\">\n\n<\/div>\n<div style=\"font-family: Verdana,sans-serif;text-align: center\">\n<div class=\"separator\" style=\"clear: both;text-align: center\">\n<a href=\"http:\/\/4.bp.blogspot.com\/-tIBW7nfdZ5w\/TZTtTwDq5YI\/AAAAAAAAAjM\/CFfOktrXRi4\/s1600\/Cabril+ID-A+2011.jpg\" style=\"margin-left: 1em;margin-right: 1em\"><img loading=\"lazy\" decoding=\"async\" border=\"0\" height=\"300\" src=\"http:\/\/iessanalvaro.es\/wp-content\/uploads\/2011\/03\/Cabril-ID-A-2011.jpg\" width=\"400\" \/><\/a><\/div>\n<p>\n<\/div>\n<div style=\"font-family: Verdana,sans-serif;text-align: center\">\n<a href=\"http:\/\/1.bp.blogspot.com\/-TvsBOWjHd9M\/TZ3FvUxBX-I\/AAAAAAAAAkA\/-5el2RlXllk\/s1600\/03312011640.JPG\" style=\"clear: right;float: right;margin-bottom: 1em;margin-left: 1em\"><img loading=\"lazy\" decoding=\"async\" border=\"0\" height=\"320\" src=\"http:\/\/iessanalvaro.es\/wp-content\/uploads\/2011\/03\/03312011640.jpg\" width=\"180\" \/><\/a><\/p>\n<p>VISITA AL TEMPLO ROMANO MUSEO ARQUEOL\u00d3GICO Y MEZQUITA. ALUMN@S 4\u00ba ESO D\u00cdA 31.<br \/>\n<a href=\"http:\/\/3.bp.blogspot.com\/-P6ocH2rL3rQ\/TZ3FfvPRHNI\/AAAAAAAAAj8\/b-Eopf7oC6k\/s1600\/03312011638.JPG\" style=\"clear: left;float: left;margin-bottom: 1em;margin-right: 1em\"><img loading=\"lazy\" decoding=\"async\" border=\"0\" height=\"180\" src=\"http:\/\/iessanalvaro.es\/wp-content\/uploads\/2011\/03\/03312011638.jpg\" width=\"320\" \/><\/a><\/p>\n<p>\nJunto al templo y en la plaza del Museo. <\/p>\n<div class=\"separator\" style=\"clear: both;text-align: center\">\n<a href=\"http:\/\/3.bp.blogspot.com\/-H9IyxhlM_5o\/TZ3F57i3M9I\/AAAAAAAAAkE\/GfFUAoiVGP0\/s1600\/03312011644.JPG\" style=\"clear: right;float: right;margin-bottom: 1em;margin-left: 1em\"><img loading=\"lazy\" decoding=\"async\" border=\"0\" height=\"225\" src=\"http:\/\/iessanalvaro.es\/wp-content\/uploads\/2011\/03\/03312011644.jpg\" width=\"400\" \/><\/a><a href=\"http:\/\/4.bp.blogspot.com\/-2l1O4qQNcL4\/TZ3H282O0ZI\/AAAAAAAAAkI\/YOSHXgU9ghY\/s1600\/03312011641.JPG\" style=\"clear: left;float: left;margin-bottom: 1em;margin-right: 1em\"><img loading=\"lazy\" decoding=\"async\" border=\"0\" height=\"225\" src=\"http:\/\/iessanalvaro.es\/wp-content\/uploads\/2011\/03\/03312011641.jpg\" width=\"400\" \/><\/a><\/div>\n<p>Una parada dentro de la mezquita\n<\/div>\n<div style=\"font-family: Verdana,sans-serif;text-align: center\">\n\n<\/div>\n<div style=\"text-align: center\">\n<p>Todos junt@s en el patio de los naranjos.<\/p><\/div>\n","protected":false},"excerpt":{"rendered":"<p>Empieza el buen tiempo y &#8230;.. SALIMOS DE EXCURSI\u00d3N. Estas son algunas de las salidas que se han llevado a cabo en Marzo. Puedes encontrar&hellip;<\/p>\n","protected":false},"author":18399,"featured_media":1158,"comment_status":"open","ping_status":"open","sticky":false,"template":"","format":"standard","meta":{"ngg_post_thumbnail":0,"footnotes":""},"categories":[1],"tags":[28],"aioseo_notices":[],"_links":{"self":[{"href":"https:\/\/blogsaverroes.juntadeandalucia.es\/iessanalvaro\/wp-json\/wp\/v2\/posts\/347"}],"collection":[{"href":"https:\/\/blogsaverroes.juntadeandalucia.es\/iessanalvaro\/wp-json\/wp\/v2\/posts"}],"about":[{"href":"https:\/\/blogsaverroes.juntadeandalucia.es\/iessanalvaro\/wp-json\/wp\/v2\/types\/post"}],"author":[{"embeddable":true,"href":"https:\/\/blogsaverroes.juntadeandalucia.es\/iessanalvaro\/wp-json\/wp\/v2\/users\/18399"}],"replies":[{"embeddable":true,"href":"https:\/\/blogsaverroes.juntadeandalucia.es\/iessanalvaro\/wp-json\/wp\/v2\/comments?post=347"}],"version-history":[{"count":0,"href":"https:\/\/blogsaverroes.juntadeandalucia.es\/iessanalvaro\/wp-json\/wp\/v2\/posts\/347\/revisions"}],"wp:featuredmedia":[{"embeddable":true,"href":"https:\/\/blogsaverroes.juntadeandalucia.es\/iessanalvaro\/wp-json\/"}],"wp:attachment":[{"href":"https:\/\/blogsaverroes.juntadeandalucia.es\/iessanalvaro\/wp-json\/wp\/v2\/media?parent=347"}],"wp:term":[{"taxonomy":"category","embeddable":true,"href":"https:\/\/blogsaverroes.juntadeandalucia.es\/iessanalvaro\/wp-json\/wp\/v2\/categories?post=347"},{"taxonomy":"post_tag","embeddable":true,"href":"https:\/\/blogsaverroes.juntadeandalucia.es\/iessanalvaro\/wp-json\/wp\/v2\/tags?post=347"}],"curies":[{"name":"wp","href":"https:\/\/api.w.org\/{rel}","templated":true}]}}