{"id":384,"date":"2008-11-20T00:42:00","date_gmt":"2008-11-20T00:42:00","guid":{"rendered":"http:\/\/iessanalvaro.es\/2008\/11\/20\/haze-ii\/"},"modified":"2008-11-20T00:42:00","modified_gmt":"2008-11-20T00:42:00","slug":"haze-ii","status":"publish","type":"post","link":"https:\/\/blogsaverroes.juntadeandalucia.es\/iessanalvaro\/2008\/11\/20\/haze-ii\/","title":{"rendered":"Haze II"},"content":{"rendered":"<div>M\u00e1s fotos de Haze en IES San Alvaro, donde se le entreg\u00f3 una camiseta del C\u00f3rdoba CF, con el 10 y su nombre..<\/div>\n<div><\/div>\n<p><a href=\"http:\/\/1.bp.blogspot.com\/_2SK11qHhjKc\/SSS082W7gwI\/AAAAAAAAAL4\/0JRc48YoBhI\/s1600-h\/HPIM0636.JPG\"><img decoding=\"async\" style=\"margin:0px auto 10px;text-align:center;cursor:pointer;cursor:hand;width: 320px;height: 240px\" src=\"http:\/\/iessanalvaro.es\/wp-content\/uploads\/2008\/11\/HPIM0636.jpg\" border=\"0\" alt=\"\" id=\"BLOGGER_PHOTO_ID_5270536421407163138\" \/><\/a><br \/><a href=\"http:\/\/4.bp.blogspot.com\/_2SK11qHhjKc\/SSS08vJ7yCI\/AAAAAAAAALw\/IvnbTPlIhA8\/s1600-h\/HPIM0611.JPG\"><img decoding=\"async\" style=\"margin:0px auto 10px;text-align:center;cursor:pointer;cursor:hand;width: 320px;height: 240px\" src=\"http:\/\/iessanalvaro.es\/wp-content\/uploads\/2008\/11\/HPIM0611.jpg\" border=\"0\" alt=\"\" id=\"BLOGGER_PHOTO_ID_5270536419473606690\" \/><\/a><br \/><a href=\"http:\/\/1.bp.blogspot.com\/_2SK11qHhjKc\/SSS08NQeObI\/AAAAAAAAALo\/d6pXcb5R4rg\/s1600-h\/HPIM0609.JPG\"><img decoding=\"async\" style=\"margin:0px auto 10px;text-align:center;cursor:pointer;cursor:hand;width: 320px;height: 240px\" src=\"http:\/\/iessanalvaro.es\/wp-content\/uploads\/2008\/11\/HPIM0609.jpg\" border=\"0\" alt=\"\" id=\"BLOGGER_PHOTO_ID_5270536410374224306\" \/><\/a><br \/><a href=\"http:\/\/3.bp.blogspot.com\/_2SK11qHhjKc\/SSS07w75CEI\/AAAAAAAAALg\/ZBhSZM0H3aA\/s1600-h\/HPIM0607.JPG\"><img decoding=\"async\" style=\"margin:0px auto 10px;text-align:center;cursor:pointer;cursor:hand;width: 320px;height: 240px\" src=\"http:\/\/iessanalvaro.es\/wp-content\/uploads\/2008\/11\/HPIM0607.jpg\" border=\"0\" alt=\"\" id=\"BLOGGER_PHOTO_ID_5270536402771707970\" \/><\/a><br \/><a href=\"http:\/\/3.bp.blogspot.com\/_2SK11qHhjKc\/SSS07qZaenI\/AAAAAAAAALY\/fojdWjBFOJY\/s1600-h\/HPIM0606.JPG\"><img decoding=\"async\" style=\"margin:0px auto 10px;text-align:center;cursor:pointer;cursor:hand;width: 320px;height: 240px\" src=\"http:\/\/iessanalvaro.es\/wp-content\/uploads\/2008\/11\/HPIM0606.jpg\" border=\"0\" alt=\"\" id=\"BLOGGER_PHOTO_ID_5270536401016486514\" \/><\/a><\/p>\n<div><\/div>\n<div><\/div>\n","protected":false},"excerpt":{"rendered":"<p>M\u00e1s fotos de Haze en IES San Alvaro, donde se le entreg\u00f3 una camiseta del C\u00f3rdoba CF, con el 10 y su nombre..<\/p>\n","protected":false},"author":18399,"featured_media":1346,"comment_status":"open","ping_status":"open","sticky":false,"template":"","format":"standard","meta":{"ngg_post_thumbnail":0,"footnotes":""},"categories":[1],"tags":[],"aioseo_notices":[],"_links":{"self":[{"href":"https:\/\/blogsaverroes.juntadeandalucia.es\/iessanalvaro\/wp-json\/wp\/v2\/posts\/384"}],"collection":[{"href":"https:\/\/blogsaverroes.juntadeandalucia.es\/iessanalvaro\/wp-json\/wp\/v2\/posts"}],"about":[{"href":"https:\/\/blogsaverroes.juntadeandalucia.es\/iessanalvaro\/wp-json\/wp\/v2\/types\/post"}],"author":[{"embeddable":true,"href":"https:\/\/blogsaverroes.juntadeandalucia.es\/iessanalvaro\/wp-json\/wp\/v2\/users\/18399"}],"replies":[{"embeddable":true,"href":"https:\/\/blogsaverroes.juntadeandalucia.es\/iessanalvaro\/wp-json\/wp\/v2\/comments?post=384"}],"version-history":[{"count":0,"href":"https:\/\/blogsaverroes.juntadeandalucia.es\/iessanalvaro\/wp-json\/wp\/v2\/posts\/384\/revisions"}],"wp:featuredmedia":[{"embeddable":true,"href":"https:\/\/blogsaverroes.juntadeandalucia.es\/iessanalvaro\/wp-json\/"}],"wp:attachment":[{"href":"https:\/\/blogsaverroes.juntadeandalucia.es\/iessanalvaro\/wp-json\/wp\/v2\/media?parent=384"}],"wp:term":[{"taxonomy":"category","embeddable":true,"href":"https:\/\/blogsaverroes.juntadeandalucia.es\/iessanalvaro\/wp-json\/wp\/v2\/categories?post=384"},{"taxonomy":"post_tag","embeddable":true,"href":"https:\/\/blogsaverroes.juntadeandalucia.es\/iessanalvaro\/wp-json\/wp\/v2\/tags?post=384"}],"curies":[{"name":"wp","href":"https:\/\/api.w.org\/{rel}","templated":true}]}}