{"id":4606,"date":"2025-03-05T14:34:15","date_gmt":"2025-03-05T13:34:15","guid":{"rendered":"https:\/\/blogsaverroes.juntadeandalucia.es\/iessanisidro\/?p=4606"},"modified":"2025-03-06T12:54:04","modified_gmt":"2025-03-06T11:54:04","slug":"dia-de-la-mujer-y-la-nina-en-la-ciencia","status":"publish","type":"post","link":"https:\/\/blogsaverroes.juntadeandalucia.es\/iessanisidro\/2025\/03\/05\/dia-de-la-mujer-y-la-nina-en-la-ciencia\/","title":{"rendered":"D\u00eda de la mujer y la ni\u00f1a en la ciencia"},"content":{"rendered":"<h1>STEM IN PURPLE<\/h1>\n<p>Trabajos de 1\u00ba ESO biling\u00fce y no biling\u00fce con motivo del <em><strong>D\u00eda de la mujer y la ni\u00f1a en la ciencia<\/strong><\/em>, expuestos en los pasillos y accesos del instituto.<\/p>\n<p><strong>TRIMESTRE 1 BIOLOG\u00cdA Y GEOLOG\u00cdA<\/strong><\/p>\n\n\t\t<style>\n\t\t\t#gallery-1 {\n\t\t\t\tmargin: auto;\n\t\t\t}\n\t\t\t#gallery-1 .gallery-item {\n\t\t\t\tfloat: left;\n\t\t\t\tmargin-top: 10px;\n\t\t\t\ttext-align: center;\n\t\t\t\twidth: 33%;\n\t\t\t}\n\t\t\t#gallery-1 img {\n\t\t\t\tborder: 2px solid #cfcfcf;\n\t\t\t}\n\t\t\t#gallery-1 .gallery-caption {\n\t\t\t\tmargin-left: 0;\n\t\t\t}\n\t\t\t\/* see gallery_shortcode() in wp-includes\/media.php *\/\n\t\t<\/style>\n\t\t<div id='gallery-1' class='gallery galleryid-4606 gallery-columns-3 gallery-size-thumbnail'><dl class='gallery-item'>\n\t\t\t<dt class='gallery-icon portrait'>\n\t\t\t\t<a href='https:\/\/blogsaverroes.juntadeandalucia.es\/iessanisidro\/2025\/03\/05\/dia-de-la-mujer-y-la-nina-en-la-ciencia\/img_6627\/'><img loading=\"lazy\" decoding=\"async\" width=\"150\" height=\"150\" src=\"https:\/\/blogsaverroes.juntadeandalucia.es\/iessanisidro\/files\/2025\/03\/IMG_6627-150x150.jpeg\" class=\"attachment-thumbnail size-thumbnail\" alt=\"\" srcset=\"https:\/\/blogsaverroes.juntadeandalucia.es\/iessanisidro\/files\/2025\/03\/IMG_6627-150x150.jpeg 150w, https:\/\/blogsaverroes.juntadeandalucia.es\/iessanisidro\/files\/2025\/03\/IMG_6627-80x80.jpeg 80w, https:\/\/blogsaverroes.juntadeandalucia.es\/iessanisidro\/files\/2025\/03\/IMG_6627-320x320.jpeg 320w\" sizes=\"(max-width: 150px) 100vw, 150px\" \/><\/a>\n\t\t\t<\/dt><\/dl><dl class='gallery-item'>\n\t\t\t<dt class='gallery-icon portrait'>\n\t\t\t\t<a href='https:\/\/blogsaverroes.juntadeandalucia.es\/iessanisidro\/2025\/03\/05\/dia-de-la-mujer-y-la-nina-en-la-ciencia\/img_6631\/'><img loading=\"lazy\" decoding=\"async\" width=\"150\" height=\"150\" src=\"https:\/\/blogsaverroes.juntadeandalucia.es\/iessanisidro\/files\/2025\/03\/IMG_6631-150x150.jpeg\" class=\"attachment-thumbnail size-thumbnail\" alt=\"\" srcset=\"https:\/\/blogsaverroes.juntadeandalucia.es\/iessanisidro\/files\/2025\/03\/IMG_6631-150x150.jpeg 150w, https:\/\/blogsaverroes.juntadeandalucia.es\/iessanisidro\/files\/2025\/03\/IMG_6631-80x80.jpeg 80w, https:\/\/blogsaverroes.juntadeandalucia.es\/iessanisidro\/files\/2025\/03\/IMG_6631-320x320.jpeg 320w\" sizes=\"(max-width: 150px) 100vw, 150px\" \/><\/a>\n\t\t\t<\/dt><\/dl><dl class='gallery-item'>\n\t\t\t<dt class='gallery-icon portrait'>\n\t\t\t\t<a href='https:\/\/blogsaverroes.juntadeandalucia.es\/iessanisidro\/2025\/03\/05\/dia-de-la-mujer-y-la-nina-en-la-ciencia\/img_6629\/'><img loading=\"lazy\" decoding=\"async\" width=\"150\" height=\"150\" src=\"https:\/\/blogsaverroes.juntadeandalucia.es\/iessanisidro\/files\/2025\/03\/IMG_6629-150x150.jpeg\" class=\"attachment-thumbnail size-thumbnail\" alt=\"\" srcset=\"https:\/\/blogsaverroes.juntadeandalucia.es\/iessanisidro\/files\/2025\/03\/IMG_6629-150x150.jpeg 150w, https:\/\/blogsaverroes.juntadeandalucia.es\/iessanisidro\/files\/2025\/03\/IMG_6629-80x80.jpeg 80w, https:\/\/blogsaverroes.juntadeandalucia.es\/iessanisidro\/files\/2025\/03\/IMG_6629-320x320.jpeg 320w\" sizes=\"(max-width: 150px) 100vw, 150px\" \/><\/a>\n\t\t\t<\/dt><\/dl><br style=\"clear: both\" \/><dl class='gallery-item'>\n\t\t\t<dt class='gallery-icon portrait'>\n\t\t\t\t<a href='https:\/\/blogsaverroes.juntadeandalucia.es\/iessanisidro\/2025\/03\/05\/dia-de-la-mujer-y-la-nina-en-la-ciencia\/img_6632\/'><img loading=\"lazy\" decoding=\"async\" width=\"150\" height=\"150\" src=\"https:\/\/blogsaverroes.juntadeandalucia.es\/iessanisidro\/files\/2025\/03\/IMG_6632-150x150.jpeg\" class=\"attachment-thumbnail size-thumbnail\" alt=\"\" srcset=\"https:\/\/blogsaverroes.juntadeandalucia.es\/iessanisidro\/files\/2025\/03\/IMG_6632-150x150.jpeg 150w, https:\/\/blogsaverroes.juntadeandalucia.es\/iessanisidro\/files\/2025\/03\/IMG_6632-80x80.jpeg 80w, https:\/\/blogsaverroes.juntadeandalucia.es\/iessanisidro\/files\/2025\/03\/IMG_6632-320x320.jpeg 320w\" sizes=\"(max-width: 150px) 100vw, 150px\" \/><\/a>\n\t\t\t<\/dt><\/dl><dl class='gallery-item'>\n\t\t\t<dt class='gallery-icon portrait'>\n\t\t\t\t<a href='https:\/\/blogsaverroes.juntadeandalucia.es\/iessanisidro\/2025\/03\/05\/dia-de-la-mujer-y-la-nina-en-la-ciencia\/img_6634\/'><img loading=\"lazy\" decoding=\"async\" width=\"150\" height=\"150\" src=\"https:\/\/blogsaverroes.juntadeandalucia.es\/iessanisidro\/files\/2025\/03\/IMG_6634-150x150.jpeg\" class=\"attachment-thumbnail size-thumbnail\" alt=\"\" srcset=\"https:\/\/blogsaverroes.juntadeandalucia.es\/iessanisidro\/files\/2025\/03\/IMG_6634-150x150.jpeg 150w, https:\/\/blogsaverroes.juntadeandalucia.es\/iessanisidro\/files\/2025\/03\/IMG_6634-80x80.jpeg 80w, https:\/\/blogsaverroes.juntadeandalucia.es\/iessanisidro\/files\/2025\/03\/IMG_6634-320x320.jpeg 320w\" sizes=\"(max-width: 150px) 100vw, 150px\" \/><\/a>\n\t\t\t<\/dt><\/dl><dl class='gallery-item'>\n\t\t\t<dt class='gallery-icon portrait'>\n\t\t\t\t<a href='https:\/\/blogsaverroes.juntadeandalucia.es\/iessanisidro\/2025\/03\/05\/dia-de-la-mujer-y-la-nina-en-la-ciencia\/img_6630\/'><img loading=\"lazy\" decoding=\"async\" width=\"150\" height=\"150\" src=\"https:\/\/blogsaverroes.juntadeandalucia.es\/iessanisidro\/files\/2025\/03\/IMG_6630-150x150.jpeg\" class=\"attachment-thumbnail size-thumbnail\" alt=\"\" srcset=\"https:\/\/blogsaverroes.juntadeandalucia.es\/iessanisidro\/files\/2025\/03\/IMG_6630-150x150.jpeg 150w, https:\/\/blogsaverroes.juntadeandalucia.es\/iessanisidro\/files\/2025\/03\/IMG_6630-80x80.jpeg 80w, https:\/\/blogsaverroes.juntadeandalucia.es\/iessanisidro\/files\/2025\/03\/IMG_6630-320x320.jpeg 320w\" sizes=\"(max-width: 150px) 100vw, 150px\" \/><\/a>\n\t\t\t<\/dt><\/dl><br style=\"clear: both\" \/><dl class='gallery-item'>\n\t\t\t<dt class='gallery-icon landscape'>\n\t\t\t\t<a href='https:\/\/blogsaverroes.juntadeandalucia.es\/iessanisidro\/2025\/03\/05\/dia-de-la-mujer-y-la-nina-en-la-ciencia\/img_6624\/'><img loading=\"lazy\" decoding=\"async\" width=\"150\" height=\"150\" src=\"https:\/\/blogsaverroes.juntadeandalucia.es\/iessanisidro\/files\/2025\/03\/IMG_6624-150x150.jpeg\" class=\"attachment-thumbnail size-thumbnail\" alt=\"\" srcset=\"https:\/\/blogsaverroes.juntadeandalucia.es\/iessanisidro\/files\/2025\/03\/IMG_6624-150x150.jpeg 150w, https:\/\/blogsaverroes.juntadeandalucia.es\/iessanisidro\/files\/2025\/03\/IMG_6624-80x80.jpeg 80w, https:\/\/blogsaverroes.juntadeandalucia.es\/iessanisidro\/files\/2025\/03\/IMG_6624-320x320.jpeg 320w\" sizes=\"(max-width: 150px) 100vw, 150px\" \/><\/a>\n\t\t\t<\/dt><\/dl><dl class='gallery-item'>\n\t\t\t<dt class='gallery-icon portrait'>\n\t\t\t\t<a href='https:\/\/blogsaverroes.juntadeandalucia.es\/iessanisidro\/2025\/03\/05\/dia-de-la-mujer-y-la-nina-en-la-ciencia\/img_6628\/'><img loading=\"lazy\" decoding=\"async\" width=\"150\" height=\"150\" src=\"https:\/\/blogsaverroes.juntadeandalucia.es\/iessanisidro\/files\/2025\/03\/IMG_6628-150x150.jpeg\" class=\"attachment-thumbnail size-thumbnail\" alt=\"\" srcset=\"https:\/\/blogsaverroes.juntadeandalucia.es\/iessanisidro\/files\/2025\/03\/IMG_6628-150x150.jpeg 150w, https:\/\/blogsaverroes.juntadeandalucia.es\/iessanisidro\/files\/2025\/03\/IMG_6628-80x80.jpeg 80w, https:\/\/blogsaverroes.juntadeandalucia.es\/iessanisidro\/files\/2025\/03\/IMG_6628-320x320.jpeg 320w\" sizes=\"(max-width: 150px) 100vw, 150px\" \/><\/a>\n\t\t\t<\/dt><\/dl><dl class='gallery-item'>\n\t\t\t<dt class='gallery-icon portrait'>\n\t\t\t\t<a href='https:\/\/blogsaverroes.juntadeandalucia.es\/iessanisidro\/2025\/03\/05\/dia-de-la-mujer-y-la-nina-en-la-ciencia\/img_6626\/'><img loading=\"lazy\" decoding=\"async\" width=\"150\" height=\"150\" src=\"https:\/\/blogsaverroes.juntadeandalucia.es\/iessanisidro\/files\/2025\/03\/IMG_6626-150x150.jpeg\" class=\"attachment-thumbnail size-thumbnail\" alt=\"\" srcset=\"https:\/\/blogsaverroes.juntadeandalucia.es\/iessanisidro\/files\/2025\/03\/IMG_6626-150x150.jpeg 150w, https:\/\/blogsaverroes.juntadeandalucia.es\/iessanisidro\/files\/2025\/03\/IMG_6626-80x80.jpeg 80w, https:\/\/blogsaverroes.juntadeandalucia.es\/iessanisidro\/files\/2025\/03\/IMG_6626-320x320.jpeg 320w\" sizes=\"(max-width: 150px) 100vw, 150px\" \/><\/a>\n\t\t\t<\/dt><\/dl><br style=\"clear: both\" \/>\n\t\t<\/div>\n\n<p><a href=\"https:\/\/blogsaverroes.juntadeandalucia.es\/iessanisidro\/2025\/03\/05\/dia-de-la-mujer-y-la-nina-en-la-ciencia\/barbara_mcclintock-2\/\" rel=\"attachment wp-att-4622\">Barbara_McClintock<\/a> <a href=\"https:\/\/blogsaverroes.juntadeandalucia.es\/iessanisidro\/2025\/03\/05\/dia-de-la-mujer-y-la-nina-en-la-ciencia\/dorothy_hodgkin-2\/\" rel=\"attachment wp-att-4623\">Dorothy_Hodgkin<\/a> <a href=\"https:\/\/blogsaverroes.juntadeandalucia.es\/iessanisidro\/2025\/03\/05\/dia-de-la-mujer-y-la-nina-en-la-ciencia\/gerty_cori-2\/\" rel=\"attachment wp-att-4624\">Gerty_Cori<\/a> <a href=\"https:\/\/blogsaverroes.juntadeandalucia.es\/iessanisidro\/2025\/03\/05\/dia-de-la-mujer-y-la-nina-en-la-ciencia\/maria_telkes-2\/\" rel=\"attachment wp-att-4625\">Maria_Telkes<\/a> <a href=\"https:\/\/blogsaverroes.juntadeandalucia.es\/iessanisidro\/2025\/03\/05\/dia-de-la-mujer-y-la-nina-en-la-ciencia\/mary_anning-2\/\" rel=\"attachment wp-att-4626\">Mary_Anning<\/a> <a href=\"https:\/\/blogsaverroes.juntadeandalucia.es\/iessanisidro\/2025\/03\/05\/dia-de-la-mujer-y-la-nina-en-la-ciencia\/ruby_payne-scott-2\/\" rel=\"attachment wp-att-4627\">Ruby_Payne-Scott<\/a><\/p>\n<p><strong>TRIMESTRE 1 MATEM\u00c1TICAS<\/strong><\/p>\n<p><a href=\"https:\/\/blogsaverroes.juntadeandalucia.es\/iessanisidro\/2025\/03\/05\/dia-de-la-mujer-y-la-nina-en-la-ciencia\/teano2\/\" rel=\"attachment wp-att-4630\">Teano(2)<\/a> <a href=\"https:\/\/blogsaverroes.juntadeandalucia.es\/iessanisidro\/2025\/03\/05\/dia-de-la-mujer-y-la-nina-en-la-ciencia\/emmy_noether\/\" rel=\"attachment wp-att-4631\">Emmy_Noether<\/a> <a href=\"https:\/\/blogsaverroes.juntadeandalucia.es\/iessanisidro\/2025\/03\/05\/dia-de-la-mujer-y-la-nina-en-la-ciencia\/fatima_al-fihri\/\" rel=\"attachment wp-att-4632\">F\u00e1tima_al-Fihri<\/a> <a href=\"https:\/\/blogsaverroes.juntadeandalucia.es\/iessanisidro\/2025\/03\/05\/dia-de-la-mujer-y-la-nina-en-la-ciencia\/sophie_germain2\/\" rel=\"attachment wp-att-4633\">Sophie_Germain(2)<\/a> <a href=\"https:\/\/blogsaverroes.juntadeandalucia.es\/iessanisidro\/2025\/03\/05\/dia-de-la-mujer-y-la-nina-en-la-ciencia\/teano\/\" rel=\"attachment wp-att-4634\">Teano<\/a> <a href=\"https:\/\/blogsaverroes.juntadeandalucia.es\/iessanisidro\/2025\/03\/05\/dia-de-la-mujer-y-la-nina-en-la-ciencia\/maria_enriqueta\/\" rel=\"attachment wp-att-4635\">Maria_Enriqueta<\/a> <a href=\"https:\/\/blogsaverroes.juntadeandalucia.es\/iessanisidro\/2025\/03\/05\/dia-de-la-mujer-y-la-nina-en-la-ciencia\/clara_grima\/\" rel=\"attachment wp-att-4636\">Clara_Grima<\/a> <a href=\"https:\/\/blogsaverroes.juntadeandalucia.es\/iessanisidro\/2025\/03\/05\/dia-de-la-mujer-y-la-nina-en-la-ciencia\/sophie_germain\/\" rel=\"attachment wp-att-4637\">Sophie_Germain<\/a> <a href=\"https:\/\/blogsaverroes.juntadeandalucia.es\/iessanisidro\/2025\/03\/05\/dia-de-la-mujer-y-la-nina-en-la-ciencia\/hipatia_alejandria\/\" rel=\"attachment wp-att-4638\">Hipatia_Alejandr\u00eda<\/a> <a href=\"https:\/\/blogsaverroes.juntadeandalucia.es\/iessanisidro\/2025\/03\/05\/dia-de-la-mujer-y-la-nina-en-la-ciencia\/sutayta_al-mahamali\/\" rel=\"attachment wp-att-4639\">Sutayta_al-Mahamali<\/a> <a href=\"https:\/\/blogsaverroes.juntadeandalucia.es\/iessanisidro\/2025\/03\/05\/dia-de-la-mujer-y-la-nina-en-la-ciencia\/mary_somerville\/\" rel=\"attachment wp-att-4640\">Mary_Somerville<\/a><\/p>\n","protected":false},"excerpt":{"rendered":"<p>STEM IN PURPLE Trabajos de 1\u00ba ESO biling\u00fce y no biling\u00fce con motivo del D\u00eda de la mujer y la ni\u00f1a en la ciencia, expuestos en los pasillos y accesos del instituto. TRIMESTRE 1&#46;&#46;&#46;<\/p>\n","protected":false},"author":10042,"featured_media":4620,"comment_status":"closed","ping_status":"closed","sticky":false,"template":"","format":"standard","meta":{"ngg_post_thumbnail":0,"footnotes":""},"categories":[1338829],"tags":[],"aioseo_notices":[],"_links":{"self":[{"href":"https:\/\/blogsaverroes.juntadeandalucia.es\/iessanisidro\/wp-json\/wp\/v2\/posts\/4606"}],"collection":[{"href":"https:\/\/blogsaverroes.juntadeandalucia.es\/iessanisidro\/wp-json\/wp\/v2\/posts"}],"about":[{"href":"https:\/\/blogsaverroes.juntadeandalucia.es\/iessanisidro\/wp-json\/wp\/v2\/types\/post"}],"author":[{"embeddable":true,"href":"https:\/\/blogsaverroes.juntadeandalucia.es\/iessanisidro\/wp-json\/wp\/v2\/users\/10042"}],"replies":[{"embeddable":true,"href":"https:\/\/blogsaverroes.juntadeandalucia.es\/iessanisidro\/wp-json\/wp\/v2\/comments?post=4606"}],"version-history":[{"count":4,"href":"https:\/\/blogsaverroes.juntadeandalucia.es\/iessanisidro\/wp-json\/wp\/v2\/posts\/4606\/revisions"}],"predecessor-version":[{"id":4642,"href":"https:\/\/blogsaverroes.juntadeandalucia.es\/iessanisidro\/wp-json\/wp\/v2\/posts\/4606\/revisions\/4642"}],"wp:featuredmedia":[{"embeddable":true,"href":"https:\/\/blogsaverroes.juntadeandalucia.es\/iessanisidro\/wp-json\/wp\/v2\/media\/4620"}],"wp:attachment":[{"href":"https:\/\/blogsaverroes.juntadeandalucia.es\/iessanisidro\/wp-json\/wp\/v2\/media?parent=4606"}],"wp:term":[{"taxonomy":"category","embeddable":true,"href":"https:\/\/blogsaverroes.juntadeandalucia.es\/iessanisidro\/wp-json\/wp\/v2\/categories?post=4606"},{"taxonomy":"post_tag","embeddable":true,"href":"https:\/\/blogsaverroes.juntadeandalucia.es\/iessanisidro\/wp-json\/wp\/v2\/tags?post=4606"}],"curies":[{"name":"wp","href":"https:\/\/api.w.org\/{rel}","templated":true}]}}