{"id":4772,"date":"2025-10-06T18:44:39","date_gmt":"2025-10-06T17:44:39","guid":{"rendered":"https:\/\/blogsaverroes.juntadeandalucia.es\/iessanisidro\/?p=4772"},"modified":"2025-10-09T16:48:04","modified_gmt":"2025-10-09T15:48:04","slug":"juntos-para-un-futuro-mejor","status":"publish","type":"post","link":"https:\/\/blogsaverroes.juntadeandalucia.es\/iessanisidro\/2025\/10\/06\/juntos-para-un-futuro-mejor\/","title":{"rendered":"Juntos para un futuro mejor"},"content":{"rendered":"<p>\u00a1Ya hemos empezado nuestro proyecto!<\/p>\n<p>En \u00e9l participan 8 centros europeos:<\/p>\n<p><span style=\"font-weight: 400\">Coll\u00e8ge Georges Gironde &#8211;&nbsp;<\/span><span style=\"font-weight: 400\">Segr\u00e9 en Anjou Bleu (<\/span><span style=\"font-weight: 400\">Francia) &#8211; Profesora: Alejandra M\u00e9ndez Duplan<\/span><\/p>\n<p><span style=\"font-weight: 400\">Lyc\u00e9e Saint Joseph &#8211;&nbsp;<\/span><span style=\"font-weight: 400\">Villejuif, \u00cele de France (Francia) &#8211; Profesora: Luisa Gengembre<\/span><\/p>\n<p><span style=\"font-weight: 400\"><a href=\"https:\/\/www.iisdevilla.edu.it\/category\/progetti\/\">Istituto di Istruzione Superiore Devilla-Dess\u00ec La Marmora<\/a> &#8211; Cerde\u00f1a (Italia) &#8211; Profesora: Luciana Anna Bazzoni<\/span><\/p>\n<p><span style=\"font-weight: 400\">Agrupamento de Escolas S\u00e1 de Miranda, Braga &#8211; Portugal &#8211; Profesor: Jos\u00e9 Afonso Teixeira<\/span><\/p>\n<p><span style=\"font-weight: 400\">K\u0131rklareli Fen Lisesi, Merkez &#8211; K\u0131rklareli &#8211; Turqu\u00eda &#8211; Profesora: Esra Altinova<\/span><\/p>\n<p><span style=\"font-weight: 400\">\u00dcnye Turizm Mesleki ve Teknik Anadolu Lisesi, \u00dcnye\/ Ordu &#8211; Turqu\u00eda &#8211; Profesora: Sevin\u00e7 Demir Erme\u00e7<\/span><\/p>\n<p><span style=\"font-weight: 400\">I.I.S. Cigna-Baruffi-Garelli &#8211; Piamonte &#8211; Italia &#8211; Profesora: Morena Mellano<\/span><\/p>\n<p>IES San Isidro de N\u00edjar &#8211; Almer\u00eda &#8211; Espa\u00f1a &#8211; Profesores: Pedro Fernandez, Marcos Garc\u00eda, Marisa Jim\u00e9nez, Melina Gorini<\/p>\n<p>Visita la <a href=\"https:\/\/school-education.ec.europa.eu\/en\/etwinning\/projects\/together-better-future-juntos-para-un-futuro-mejor\">p\u00e1gina web<\/a> del proyecto<\/p>\n<p>&nbsp;<\/p>\n","protected":false},"excerpt":{"rendered":"<p>\u00a1Ya hemos empezado nuestro proyecto! En \u00e9l participan 8 centros europeos: Coll\u00e8ge Georges Gironde &#8211;&nbsp;Segr\u00e9 en Anjou Bleu (Francia) &#8211; Profesora: Alejandra M\u00e9ndez Duplan Lyc\u00e9e Saint Joseph &#8211;&nbsp;Villejuif, \u00cele de France (Francia) &#8211; Profesora:&#46;&#46;&#46;<\/p>\n","protected":false},"author":10042,"featured_media":4764,"comment_status":"closed","ping_status":"closed","sticky":false,"template":"","format":"standard","meta":{"ngg_post_thumbnail":0,"footnotes":""},"categories":[1338829],"tags":[],"aioseo_notices":[],"_links":{"self":[{"href":"https:\/\/blogsaverroes.juntadeandalucia.es\/iessanisidro\/wp-json\/wp\/v2\/posts\/4772"}],"collection":[{"href":"https:\/\/blogsaverroes.juntadeandalucia.es\/iessanisidro\/wp-json\/wp\/v2\/posts"}],"about":[{"href":"https:\/\/blogsaverroes.juntadeandalucia.es\/iessanisidro\/wp-json\/wp\/v2\/types\/post"}],"author":[{"embeddable":true,"href":"https:\/\/blogsaverroes.juntadeandalucia.es\/iessanisidro\/wp-json\/wp\/v2\/users\/10042"}],"replies":[{"embeddable":true,"href":"https:\/\/blogsaverroes.juntadeandalucia.es\/iessanisidro\/wp-json\/wp\/v2\/comments?post=4772"}],"version-history":[{"count":7,"href":"https:\/\/blogsaverroes.juntadeandalucia.es\/iessanisidro\/wp-json\/wp\/v2\/posts\/4772\/revisions"}],"predecessor-version":[{"id":4779,"href":"https:\/\/blogsaverroes.juntadeandalucia.es\/iessanisidro\/wp-json\/wp\/v2\/posts\/4772\/revisions\/4779"}],"wp:featuredmedia":[{"embeddable":true,"href":"https:\/\/blogsaverroes.juntadeandalucia.es\/iessanisidro\/wp-json\/wp\/v2\/media\/4764"}],"wp:attachment":[{"href":"https:\/\/blogsaverroes.juntadeandalucia.es\/iessanisidro\/wp-json\/wp\/v2\/media?parent=4772"}],"wp:term":[{"taxonomy":"category","embeddable":true,"href":"https:\/\/blogsaverroes.juntadeandalucia.es\/iessanisidro\/wp-json\/wp\/v2\/categories?post=4772"},{"taxonomy":"post_tag","embeddable":true,"href":"https:\/\/blogsaverroes.juntadeandalucia.es\/iessanisidro\/wp-json\/wp\/v2\/tags?post=4772"}],"curies":[{"name":"wp","href":"https:\/\/api.w.org\/{rel}","templated":true}]}}