{"id":3618,"date":"2022-06-09T08:15:35","date_gmt":"2022-06-09T07:15:35","guid":{"rendered":"https:\/\/blogsaverroes.juntadeandalucia.es\/iessanjeronimo\/?p=3618"},"modified":"2022-05-09T08:18:12","modified_gmt":"2022-05-09T07:18:12","slug":"pruebas-de-competencia-linguistica-y-digital","status":"publish","type":"post","link":"https:\/\/blogsaverroes.juntadeandalucia.es\/iessanjeronimo\/pruebas-de-competencia-linguistica-y-digital\/","title":{"rendered":"Pruebas de competencia ling\u00fc\u00edstica y digital"},"content":{"rendered":"<h1 class=\"mec-single-title\">Pruebas de competencia ling\u00fc\u00edstica y digital de 1\u00ba ESO y 3\u00baESO. 2021-22. 2\u00aa Sesi\u00f3n<\/h1>\n<div class=\"mec-single-event-description mec-events-content\">\n<p>Pruebas de competencia ling\u00fc\u00edstica y digital de 1\u00ba ESO y 3\u00baESO. 2021-22. 2\u00aa Sesi\u00f3n<\/p>\n<p><a href=\"https:\/\/blogsaverroes.juntadeandalucia.es\/iessanjeronimo\/files\/2022\/03\/Calendario-de-las-pruebas-de-competencia-digitalde-1%C2%BA_3%C2%BA-ESO_2S.pdf\" target=\"_blank\" rel=\"noopener noreferrer\">Calendario de las pruebas de la Competencia digital&nbsp;<\/a><\/p>\n<p><a href=\"https:\/\/blogsaverroes.juntadeandalucia.es\/iessanjeronimo\/files\/2022\/03\/Calendario-de-las-pruebas-de-competencia-digitalde-1%C2%BA_3%C2%BA-ESO_2S.pdf\" target=\"_blank\" rel=\"noopener noreferrer\">Calendario de las pruebas de la Competencia ling\u00fc\u00edstica&nbsp;<\/a><\/p>\n<\/div>\n","protected":false},"excerpt":{"rendered":"<p>Pruebas de competencia ling\u00fc\u00edstica y digital de 1\u00ba ESO y 3\u00baESO. 2021-22. 2\u00aa Sesi\u00f3n Pruebas de competencia ling\u00fc\u00edstica y digital de 1\u00ba ESO y 3\u00baESO. 2021-22. 2\u00aa Sesi\u00f3n Calendario de las pruebas de la Competencia digital&nbsp; Calendario de las pruebas de la Competencia ling\u00fc\u00edstica&nbsp;<\/p>\n","protected":false},"author":13409,"featured_media":0,"comment_status":"closed","ping_status":"open","sticky":false,"template":"","format":"standard","meta":{"_et_pb_use_builder":"","_et_pb_old_content":"","_et_gb_content_width":"","ngg_post_thumbnail":0,"footnotes":""},"categories":[1],"tags":[],"aioseo_notices":[],"_links":{"self":[{"href":"https:\/\/blogsaverroes.juntadeandalucia.es\/iessanjeronimo\/wp-json\/wp\/v2\/posts\/3618"}],"collection":[{"href":"https:\/\/blogsaverroes.juntadeandalucia.es\/iessanjeronimo\/wp-json\/wp\/v2\/posts"}],"about":[{"href":"https:\/\/blogsaverroes.juntadeandalucia.es\/iessanjeronimo\/wp-json\/wp\/v2\/types\/post"}],"author":[{"embeddable":true,"href":"https:\/\/blogsaverroes.juntadeandalucia.es\/iessanjeronimo\/wp-json\/wp\/v2\/users\/13409"}],"replies":[{"embeddable":true,"href":"https:\/\/blogsaverroes.juntadeandalucia.es\/iessanjeronimo\/wp-json\/wp\/v2\/comments?post=3618"}],"version-history":[{"count":1,"href":"https:\/\/blogsaverroes.juntadeandalucia.es\/iessanjeronimo\/wp-json\/wp\/v2\/posts\/3618\/revisions"}],"predecessor-version":[{"id":3619,"href":"https:\/\/blogsaverroes.juntadeandalucia.es\/iessanjeronimo\/wp-json\/wp\/v2\/posts\/3618\/revisions\/3619"}],"wp:attachment":[{"href":"https:\/\/blogsaverroes.juntadeandalucia.es\/iessanjeronimo\/wp-json\/wp\/v2\/media?parent=3618"}],"wp:term":[{"taxonomy":"category","embeddable":true,"href":"https:\/\/blogsaverroes.juntadeandalucia.es\/iessanjeronimo\/wp-json\/wp\/v2\/categories?post=3618"},{"taxonomy":"post_tag","embeddable":true,"href":"https:\/\/blogsaverroes.juntadeandalucia.es\/iessanjeronimo\/wp-json\/wp\/v2\/tags?post=3618"}],"curies":[{"name":"wp","href":"https:\/\/api.w.org\/{rel}","templated":true}]}}