{"id":2515,"date":"2020-02-02T17:36:07","date_gmt":"2020-02-02T17:36:07","guid":{"rendered":"https:\/\/blogsaverroes.juntadeandalucia.es\/iessanjose\/?p=2515"},"modified":"2020-02-07T19:55:09","modified_gmt":"2020-02-07T19:55:09","slug":"olimpiada-thales-2","status":"publish","type":"post","link":"https:\/\/blogsaverroes.juntadeandalucia.es\/iessanjose\/olimpiada-thales-2\/","title":{"rendered":"Olimpiada Thales 2\u00ba ESO Curso 2018-2019"},"content":{"rendered":"<h3 style=\"text-align: center\"><span style=\"text-decoration: underline\">Curso 2018-2019<\/span><\/h3>\n<p>&nbsp;<\/p>\n<figure id=\"attachment_2516\" aria-describedby=\"caption-attachment-2516\" style=\"width: 1600px\" class=\"wp-caption alignnone\"><a href=\"https:\/\/blogsaverroes.juntadeandalucia.es\/iessanjose\/files\/2020\/02\/WhatsApp-Image-2020-02-02-at-16.50.34.jpeg\"><img fetchpriority=\"high\" decoding=\"async\" width=\"1600\" height=\"900\" class=\"wp-image-2516 size-full\" alt=\"\" src=\"https:\/\/blogsaverroes.juntadeandalucia.es\/iessanjose\/files\/2020\/02\/WhatsApp-Image-2020-02-02-at-16.50.34.jpeg\" srcset=\"https:\/\/blogsaverroes.juntadeandalucia.es\/iessanjose\/files\/2020\/02\/WhatsApp-Image-2020-02-02-at-16.50.34.jpeg 1600w, https:\/\/blogsaverroes.juntadeandalucia.es\/iessanjose\/files\/2020\/02\/WhatsApp-Image-2020-02-02-at-16.50.34-300x169.jpeg 300w, https:\/\/blogsaverroes.juntadeandalucia.es\/iessanjose\/files\/2020\/02\/WhatsApp-Image-2020-02-02-at-16.50.34-768x432.jpeg 768w, https:\/\/blogsaverroes.juntadeandalucia.es\/iessanjose\/files\/2020\/02\/WhatsApp-Image-2020-02-02-at-16.50.34-1024x576.jpeg 1024w, https:\/\/blogsaverroes.juntadeandalucia.es\/iessanjose\/files\/2020\/02\/WhatsApp-Image-2020-02-02-at-16.50.34-700x393.jpeg 700w, https:\/\/blogsaverroes.juntadeandalucia.es\/iessanjose\/files\/2020\/02\/WhatsApp-Image-2020-02-02-at-16.50.34-24x14.jpeg 24w, https:\/\/blogsaverroes.juntadeandalucia.es\/iessanjose\/files\/2020\/02\/WhatsApp-Image-2020-02-02-at-16.50.34-36x20.jpeg 36w, https:\/\/blogsaverroes.juntadeandalucia.es\/iessanjose\/files\/2020\/02\/WhatsApp-Image-2020-02-02-at-16.50.34-48x27.jpeg 48w\" sizes=\"(max-width: 1600px) 100vw, 1600px\" \/><\/a><figcaption id=\"caption-attachment-2516\" class=\"wp-caption-text\">Juan J. Beltr\u00e1n, Iv\u00e1n Ramos, Marta Fern\u00e1ndez y Almudena Casta\u00f1eda.<\/figcaption><\/figure>\n","protected":false},"excerpt":{"rendered":"<p>Curso 2018-2019 &nbsp;<\/p>\n","protected":false},"author":6714,"featured_media":2516,"comment_status":"open","ping_status":"open","sticky":false,"template":"","format":"standard","meta":{"ngg_post_thumbnail":0,"footnotes":""},"categories":[25506],"tags":[],"aioseo_notices":[],"_links":{"self":[{"href":"https:\/\/blogsaverroes.juntadeandalucia.es\/iessanjose\/wp-json\/wp\/v2\/posts\/2515"}],"collection":[{"href":"https:\/\/blogsaverroes.juntadeandalucia.es\/iessanjose\/wp-json\/wp\/v2\/posts"}],"about":[{"href":"https:\/\/blogsaverroes.juntadeandalucia.es\/iessanjose\/wp-json\/wp\/v2\/types\/post"}],"author":[{"embeddable":true,"href":"https:\/\/blogsaverroes.juntadeandalucia.es\/iessanjose\/wp-json\/wp\/v2\/users\/6714"}],"replies":[{"embeddable":true,"href":"https:\/\/blogsaverroes.juntadeandalucia.es\/iessanjose\/wp-json\/wp\/v2\/comments?post=2515"}],"version-history":[{"count":4,"href":"https:\/\/blogsaverroes.juntadeandalucia.es\/iessanjose\/wp-json\/wp\/v2\/posts\/2515\/revisions"}],"predecessor-version":[{"id":2568,"href":"https:\/\/blogsaverroes.juntadeandalucia.es\/iessanjose\/wp-json\/wp\/v2\/posts\/2515\/revisions\/2568"}],"wp:featuredmedia":[{"embeddable":true,"href":"https:\/\/blogsaverroes.juntadeandalucia.es\/iessanjose\/wp-json\/wp\/v2\/media\/2516"}],"wp:attachment":[{"href":"https:\/\/blogsaverroes.juntadeandalucia.es\/iessanjose\/wp-json\/wp\/v2\/media?parent=2515"}],"wp:term":[{"taxonomy":"category","embeddable":true,"href":"https:\/\/blogsaverroes.juntadeandalucia.es\/iessanjose\/wp-json\/wp\/v2\/categories?post=2515"},{"taxonomy":"post_tag","embeddable":true,"href":"https:\/\/blogsaverroes.juntadeandalucia.es\/iessanjose\/wp-json\/wp\/v2\/tags?post=2515"}],"curies":[{"name":"wp","href":"https:\/\/api.w.org\/{rel}","templated":true}]}}