{"id":2693,"date":"2020-06-09T14:40:16","date_gmt":"2020-06-09T14:40:16","guid":{"rendered":"https:\/\/blogsaverroes.juntadeandalucia.es\/iessanjose\/?p=2693"},"modified":"2020-06-09T14:46:43","modified_gmt":"2020-06-09T14:46:43","slug":"2693-2","status":"publish","type":"post","link":"https:\/\/blogsaverroes.juntadeandalucia.es\/iessanjose\/2693-2\/","title":{"rendered":"Consulta del baremo del proceso de admisi\u00f3n en las ense\u00f1anzas de segundo ciclo de educaci\u00f3n infantil, educaci\u00f3n primaria, educaci\u00f3n especial, educaci\u00f3n secundaria obligatoria, programas de cualificaci\u00f3n profesional inicial y bachillerato para el curso 2020\/2021"},"content":{"rendered":"<p>Estimados padres y madres:<\/p>\n<p>Ya pueden consultar en el tabl\u00f3n de anuncios del instituto la lista de solicitudes admitidas y el baremo del procedimiento de admisi\u00f3n. Para evitar innecesarias aglomeraciones en la entrada del centro, se recomienda consultarlo en la Secretar\u00eda Virtual. Solo tienen que pinchar en el siguiente enlace:<\/p>\n<p><a href=\"https:\/\/www.juntadeandalucia.es\/educacion\/secretariavirtual\/accesoConsultas\/895\/\">https:\/\/www.juntadeandalucia.es\/educacion\/secretariavirtual\/accesoConsultas\/895\/<\/a><\/p>\n","protected":false},"excerpt":{"rendered":"<p>Estimados padres y madres: Ya pueden consultar en el tabl\u00f3n de anuncios del instituto la lista de solicitudes admitidas y el baremo del procedimiento de admisi\u00f3n. Para evitar innecesarias aglomeraciones en la entrada del centro, se recomienda consultarlo en la Secretar\u00eda Virtual. Solo tienen que pinchar en el siguiente enlace: https:\/\/www.juntadeandalucia.es\/educacion\/secretariavirtual\/accesoConsultas\/895\/<\/p>\n","protected":false},"author":6714,"featured_media":0,"comment_status":"open","ping_status":"open","sticky":false,"template":"","format":"standard","meta":{"ngg_post_thumbnail":0,"footnotes":""},"categories":[11909],"tags":[],"aioseo_notices":[],"_links":{"self":[{"href":"https:\/\/blogsaverroes.juntadeandalucia.es\/iessanjose\/wp-json\/wp\/v2\/posts\/2693"}],"collection":[{"href":"https:\/\/blogsaverroes.juntadeandalucia.es\/iessanjose\/wp-json\/wp\/v2\/posts"}],"about":[{"href":"https:\/\/blogsaverroes.juntadeandalucia.es\/iessanjose\/wp-json\/wp\/v2\/types\/post"}],"author":[{"embeddable":true,"href":"https:\/\/blogsaverroes.juntadeandalucia.es\/iessanjose\/wp-json\/wp\/v2\/users\/6714"}],"replies":[{"embeddable":true,"href":"https:\/\/blogsaverroes.juntadeandalucia.es\/iessanjose\/wp-json\/wp\/v2\/comments?post=2693"}],"version-history":[{"count":3,"href":"https:\/\/blogsaverroes.juntadeandalucia.es\/iessanjose\/wp-json\/wp\/v2\/posts\/2693\/revisions"}],"predecessor-version":[{"id":2696,"href":"https:\/\/blogsaverroes.juntadeandalucia.es\/iessanjose\/wp-json\/wp\/v2\/posts\/2693\/revisions\/2696"}],"wp:attachment":[{"href":"https:\/\/blogsaverroes.juntadeandalucia.es\/iessanjose\/wp-json\/wp\/v2\/media?parent=2693"}],"wp:term":[{"taxonomy":"category","embeddable":true,"href":"https:\/\/blogsaverroes.juntadeandalucia.es\/iessanjose\/wp-json\/wp\/v2\/categories?post=2693"},{"taxonomy":"post_tag","embeddable":true,"href":"https:\/\/blogsaverroes.juntadeandalucia.es\/iessanjose\/wp-json\/wp\/v2\/tags?post=2693"}],"curies":[{"name":"wp","href":"https:\/\/api.w.org\/{rel}","templated":true}]}}