{"id":2732,"date":"2020-12-23T07:39:06","date_gmt":"2020-12-23T07:39:06","guid":{"rendered":"https:\/\/blogsaverroes.juntadeandalucia.es\/iessanjose\/?p=2732"},"modified":"2021-02-05T07:51:12","modified_gmt":"2021-02-05T07:51:12","slug":"finalizacion-del-programa-impulsa","status":"publish","type":"post","link":"https:\/\/blogsaverroes.juntadeandalucia.es\/iessanjose\/finalizacion-del-programa-impulsa\/","title":{"rendered":"FINALIZACI\u00d3N DEL PROGRAMA IMPULSA"},"content":{"rendered":"<p>Terminan las actuaciones que los profesionales de Alcaria pusieron en marcha en nuestro centro el pasado mes de septiembre, dentro del Programa Impulsa. Han sido meses intensos de trabajo, volcados hacia la prevenci\u00f3n del absentismo y abandono escolar temprano, buscando la consolidaci\u00f3n de actitudes de mayor motivaci\u00f3n e inter\u00e9s por los estudios entre el alumnado. Aunque el periodo de tiempo ha sido corto, hemos detectado progresos y evoluci\u00f3n positiva en este sentido en diferentes casos en los que se ha trabajado.<\/p>\n<p>Tambi\u00e9n se han observado cambios significativos en patrones de comportamiento del alumnado con el que se ha trabajado, con el que las intervenciones han ido desde aspectos m\u00e1s b\u00e1sicos del comportamiento y la convivencia, hasta cuestiones m\u00e1s relacionadas con los valores, las habilidades sociales o lo estrictamente acad\u00e9mico.<\/p>\n<p>El programa ha ejercido un rol de facilitaci\u00f3n, mediaci\u00f3n y \u201cdesahogo\u201d para el profesorado ante problem\u00e1ticas de conducta disruptiva y\/o desadaptada, y se ha volcado en la creaci\u00f3n de espacios de trabajo psicopedag\u00f3gico( tanto individual como grupal) para mejorar desde aspectos b\u00e1sicos de convivencia hasta procesos de refuerzo curricular, pasando por atenci\u00f3n a casos individuales de desmotivaci\u00f3n o dificultades emocionales. Destacamos la pertinencia de implementar programas de esta \u00edndole en centros como este, ya que, debido al perfil del alumnado y las caracter\u00edsticas sociodemogr\u00e1ficas de su entorno, se hace importante contar con recursos para trabajar conductas que trascienden al curr\u00edculo.<\/p>\n<p>Se hace esencial abordar la noci\u00f3n de convivencia, normas, gesti\u00f3n de los impulsos y las situaciones dif\u00edciles, respeto a la diversidad, habilidades sociales, etc. Subrayamos el papel fundamental del profesorado que, adem\u00e1s de afrontar su labor docente con gran vocaci\u00f3n y detalle, han de afrontar y gestionar con tacto situaciones con alta carga de conflictividad, con el desgaste y la complicaci\u00f3n que estas suponen y los obst\u00e1culos que presentan para el<\/p>\n<p>desarrollo de su profesi\u00f3n. En este sentido, contar con recursos como Impulsa \u201cdesahoga\u201d , por un lado, su trabajo, y por el otro, aumenta los recursos y la posibilidad de que alumnado con un perfil determinado tenga m\u00e1s opciones de no sucumbir, seguir adherido al contexto y la carrera acad\u00e9mica, as\u00ed como a un aprendizaje integral que facilite su inserci\u00f3n en futuros puestos educativos o laborales, as\u00ed como a la mejor conducta posible dentro de nuestra sociedad.<\/p>\n<p>Dejamos algunos documentos gr\u00e1ficos de este trabajo:<img fetchpriority=\"high\" decoding=\"async\" class=\"alignnone size-full wp-image-2733\" src=\"https:\/\/blogsaverroes.juntadeandalucia.es\/iessanjose\/files\/2021\/02\/122785735_3369520616495593_5542426289214934562_n.jpg\" alt=\"\" width=\"528\" height=\"960\" srcset=\"https:\/\/blogsaverroes.juntadeandalucia.es\/iessanjose\/files\/2021\/02\/122785735_3369520616495593_5542426289214934562_n.jpg 528w, https:\/\/blogsaverroes.juntadeandalucia.es\/iessanjose\/files\/2021\/02\/122785735_3369520616495593_5542426289214934562_n-165x300.jpg 165w\" sizes=\"(max-width: 528px) 100vw, 528px\" \/> <img decoding=\"async\" class=\"alignnone size-full wp-image-2734\" src=\"https:\/\/blogsaverroes.juntadeandalucia.es\/iessanjose\/files\/2021\/02\/122885871_3369515849829403_4335962290056326521_n.jpg\" alt=\"\" width=\"528\" height=\"960\" srcset=\"https:\/\/blogsaverroes.juntadeandalucia.es\/iessanjose\/files\/2021\/02\/122885871_3369515849829403_4335962290056326521_n.jpg 528w, https:\/\/blogsaverroes.juntadeandalucia.es\/iessanjose\/files\/2021\/02\/122885871_3369515849829403_4335962290056326521_n-165x300.jpg 165w\" sizes=\"(max-width: 528px) 100vw, 528px\" \/> <img decoding=\"async\" class=\"alignnone size-full wp-image-2735\" src=\"https:\/\/blogsaverroes.juntadeandalucia.es\/iessanjose\/files\/2021\/02\/124558026_3408384939275827_4727056292187738145_n.jpg\" alt=\"\" width=\"960\" height=\"540\" srcset=\"https:\/\/blogsaverroes.juntadeandalucia.es\/iessanjose\/files\/2021\/02\/124558026_3408384939275827_4727056292187738145_n.jpg 960w, https:\/\/blogsaverroes.juntadeandalucia.es\/iessanjose\/files\/2021\/02\/124558026_3408384939275827_4727056292187738145_n-300x169.jpg 300w, https:\/\/blogsaverroes.juntadeandalucia.es\/iessanjose\/files\/2021\/02\/124558026_3408384939275827_4727056292187738145_n-768x432.jpg 768w, https:\/\/blogsaverroes.juntadeandalucia.es\/iessanjose\/files\/2021\/02\/124558026_3408384939275827_4727056292187738145_n-700x393.jpg 700w\" sizes=\"(max-width: 960px) 100vw, 960px\" \/> <img loading=\"lazy\" decoding=\"async\" class=\"alignnone size-full wp-image-2737\" src=\"https:\/\/blogsaverroes.juntadeandalucia.es\/iessanjose\/files\/2021\/02\/126025654_10214132833314815_7835286502882960434_o.jpg\" alt=\"\" width=\"1600\" height=\"1066\" srcset=\"https:\/\/blogsaverroes.juntadeandalucia.es\/iessanjose\/files\/2021\/02\/126025654_10214132833314815_7835286502882960434_o.jpg 1600w, https:\/\/blogsaverroes.juntadeandalucia.es\/iessanjose\/files\/2021\/02\/126025654_10214132833314815_7835286502882960434_o-300x200.jpg 300w, https:\/\/blogsaverroes.juntadeandalucia.es\/iessanjose\/files\/2021\/02\/126025654_10214132833314815_7835286502882960434_o-1024x683.jpg 1024w, https:\/\/blogsaverroes.juntadeandalucia.es\/iessanjose\/files\/2021\/02\/126025654_10214132833314815_7835286502882960434_o-768x512.jpg 768w, https:\/\/blogsaverroes.juntadeandalucia.es\/iessanjose\/files\/2021\/02\/126025654_10214132833314815_7835286502882960434_o-1536x1024.jpg 1536w, https:\/\/blogsaverroes.juntadeandalucia.es\/iessanjose\/files\/2021\/02\/126025654_10214132833314815_7835286502882960434_o-700x467.jpg 700w\" sizes=\"(max-width: 1600px) 100vw, 1600px\" \/> <img loading=\"lazy\" decoding=\"async\" class=\"alignnone size-full wp-image-2738\" src=\"https:\/\/blogsaverroes.juntadeandalucia.es\/iessanjose\/files\/2021\/02\/127162171_10214132849435218_468223063073420846_o.jpg\" alt=\"\" width=\"1600\" height=\"1066\" srcset=\"https:\/\/blogsaverroes.juntadeandalucia.es\/iessanjose\/files\/2021\/02\/127162171_10214132849435218_468223063073420846_o.jpg 1600w, https:\/\/blogsaverroes.juntadeandalucia.es\/iessanjose\/files\/2021\/02\/127162171_10214132849435218_468223063073420846_o-300x200.jpg 300w, https:\/\/blogsaverroes.juntadeandalucia.es\/iessanjose\/files\/2021\/02\/127162171_10214132849435218_468223063073420846_o-1024x683.jpg 1024w, https:\/\/blogsaverroes.juntadeandalucia.es\/iessanjose\/files\/2021\/02\/127162171_10214132849435218_468223063073420846_o-768x512.jpg 768w, https:\/\/blogsaverroes.juntadeandalucia.es\/iessanjose\/files\/2021\/02\/127162171_10214132849435218_468223063073420846_o-1536x1024.jpg 1536w, https:\/\/blogsaverroes.juntadeandalucia.es\/iessanjose\/files\/2021\/02\/127162171_10214132849435218_468223063073420846_o-700x467.jpg 700w\" sizes=\"(max-width: 1600px) 100vw, 1600px\" \/> <img loading=\"lazy\" decoding=\"async\" class=\"alignnone size-full wp-image-2739\" src=\"https:\/\/blogsaverroes.juntadeandalucia.es\/iessanjose\/files\/2021\/02\/127203900_10214132848595197_6033782000546546970_o.jpg\" alt=\"\" width=\"1066\" height=\"1600\" srcset=\"https:\/\/blogsaverroes.juntadeandalucia.es\/iessanjose\/files\/2021\/02\/127203900_10214132848595197_6033782000546546970_o.jpg 1066w, https:\/\/blogsaverroes.juntadeandalucia.es\/iessanjose\/files\/2021\/02\/127203900_10214132848595197_6033782000546546970_o-200x300.jpg 200w, https:\/\/blogsaverroes.juntadeandalucia.es\/iessanjose\/files\/2021\/02\/127203900_10214132848595197_6033782000546546970_o-683x1024.jpg 683w, https:\/\/blogsaverroes.juntadeandalucia.es\/iessanjose\/files\/2021\/02\/127203900_10214132848595197_6033782000546546970_o-768x1152.jpg 768w, https:\/\/blogsaverroes.juntadeandalucia.es\/iessanjose\/files\/2021\/02\/127203900_10214132848595197_6033782000546546970_o-1024x1536.jpg 1024w, https:\/\/blogsaverroes.juntadeandalucia.es\/iessanjose\/files\/2021\/02\/127203900_10214132848595197_6033782000546546970_o-700x1050.jpg 700w\" sizes=\"(max-width: 1066px) 100vw, 1066px\" \/> <img loading=\"lazy\" decoding=\"async\" class=\"alignnone size-full wp-image-2740\" src=\"https:\/\/blogsaverroes.juntadeandalucia.es\/iessanjose\/files\/2021\/02\/132133431_3517964824984504_5332061550070195134_n.jpg\" alt=\"\" width=\"960\" height=\"720\" srcset=\"https:\/\/blogsaverroes.juntadeandalucia.es\/iessanjose\/files\/2021\/02\/132133431_3517964824984504_5332061550070195134_n.jpg 960w, https:\/\/blogsaverroes.juntadeandalucia.es\/iessanjose\/files\/2021\/02\/132133431_3517964824984504_5332061550070195134_n-300x225.jpg 300w, https:\/\/blogsaverroes.juntadeandalucia.es\/iessanjose\/files\/2021\/02\/132133431_3517964824984504_5332061550070195134_n-768x576.jpg 768w, https:\/\/blogsaverroes.juntadeandalucia.es\/iessanjose\/files\/2021\/02\/132133431_3517964824984504_5332061550070195134_n-700x525.jpg 700w\" sizes=\"(max-width: 960px) 100vw, 960px\" \/> <img loading=\"lazy\" decoding=\"async\" class=\"alignnone size-full wp-image-2741\" src=\"https:\/\/blogsaverroes.juntadeandalucia.es\/iessanjose\/files\/2021\/02\/127216195_10214132843755076_3115727511543289308_o.jpg\" alt=\"\" width=\"1600\" height=\"1066\" srcset=\"https:\/\/blogsaverroes.juntadeandalucia.es\/iessanjose\/files\/2021\/02\/127216195_10214132843755076_3115727511543289308_o.jpg 1600w, https:\/\/blogsaverroes.juntadeandalucia.es\/iessanjose\/files\/2021\/02\/127216195_10214132843755076_3115727511543289308_o-300x200.jpg 300w, https:\/\/blogsaverroes.juntadeandalucia.es\/iessanjose\/files\/2021\/02\/127216195_10214132843755076_3115727511543289308_o-1024x683.jpg 1024w, https:\/\/blogsaverroes.juntadeandalucia.es\/iessanjose\/files\/2021\/02\/127216195_10214132843755076_3115727511543289308_o-768x512.jpg 768w, https:\/\/blogsaverroes.juntadeandalucia.es\/iessanjose\/files\/2021\/02\/127216195_10214132843755076_3115727511543289308_o-1536x1024.jpg 1536w, https:\/\/blogsaverroes.juntadeandalucia.es\/iessanjose\/files\/2021\/02\/127216195_10214132843755076_3115727511543289308_o-700x467.jpg 700w\" sizes=\"(max-width: 1600px) 100vw, 1600px\" \/> <img loading=\"lazy\" decoding=\"async\" class=\"alignnone size-full wp-image-2742\" src=\"https:\/\/blogsaverroes.juntadeandalucia.es\/iessanjose\/files\/2021\/02\/128912810_3468293933284927_8914618185975921710_n.jpg\" alt=\"\" width=\"960\" height=\"540\" srcset=\"https:\/\/blogsaverroes.juntadeandalucia.es\/iessanjose\/files\/2021\/02\/128912810_3468293933284927_8914618185975921710_n.jpg 960w, https:\/\/blogsaverroes.juntadeandalucia.es\/iessanjose\/files\/2021\/02\/128912810_3468293933284927_8914618185975921710_n-300x169.jpg 300w, https:\/\/blogsaverroes.juntadeandalucia.es\/iessanjose\/files\/2021\/02\/128912810_3468293933284927_8914618185975921710_n-768x432.jpg 768w, https:\/\/blogsaverroes.juntadeandalucia.es\/iessanjose\/files\/2021\/02\/128912810_3468293933284927_8914618185975921710_n-700x393.jpg 700w\" sizes=\"(max-width: 960px) 100vw, 960px\" \/><\/p>\n","protected":false},"excerpt":{"rendered":"<p>Terminan las actuaciones que los profesionales de Alcaria pusieron en marcha en nuestro centro el pasado mes de septiembre, dentro del Programa Impulsa. Han sido meses intensos de trabajo, volcados hacia la prevenci\u00f3n del absentismo y abandono escolar temprano, buscando la consolidaci\u00f3n de actitudes de mayor motivaci\u00f3n e inter\u00e9s por los estudios entre el alumnado. [&hellip;]<\/p>\n","protected":false},"author":6714,"featured_media":0,"comment_status":"open","ping_status":"open","sticky":false,"template":"","format":"gallery","meta":{"ngg_post_thumbnail":0,"footnotes":""},"categories":[11909],"tags":[],"aioseo_notices":[],"_links":{"self":[{"href":"https:\/\/blogsaverroes.juntadeandalucia.es\/iessanjose\/wp-json\/wp\/v2\/posts\/2732"}],"collection":[{"href":"https:\/\/blogsaverroes.juntadeandalucia.es\/iessanjose\/wp-json\/wp\/v2\/posts"}],"about":[{"href":"https:\/\/blogsaverroes.juntadeandalucia.es\/iessanjose\/wp-json\/wp\/v2\/types\/post"}],"author":[{"embeddable":true,"href":"https:\/\/blogsaverroes.juntadeandalucia.es\/iessanjose\/wp-json\/wp\/v2\/users\/6714"}],"replies":[{"embeddable":true,"href":"https:\/\/blogsaverroes.juntadeandalucia.es\/iessanjose\/wp-json\/wp\/v2\/comments?post=2732"}],"version-history":[{"count":3,"href":"https:\/\/blogsaverroes.juntadeandalucia.es\/iessanjose\/wp-json\/wp\/v2\/posts\/2732\/revisions"}],"predecessor-version":[{"id":2745,"href":"https:\/\/blogsaverroes.juntadeandalucia.es\/iessanjose\/wp-json\/wp\/v2\/posts\/2732\/revisions\/2745"}],"wp:attachment":[{"href":"https:\/\/blogsaverroes.juntadeandalucia.es\/iessanjose\/wp-json\/wp\/v2\/media?parent=2732"}],"wp:term":[{"taxonomy":"category","embeddable":true,"href":"https:\/\/blogsaverroes.juntadeandalucia.es\/iessanjose\/wp-json\/wp\/v2\/categories?post=2732"},{"taxonomy":"post_tag","embeddable":true,"href":"https:\/\/blogsaverroes.juntadeandalucia.es\/iessanjose\/wp-json\/wp\/v2\/tags?post=2732"}],"curies":[{"name":"wp","href":"https:\/\/api.w.org\/{rel}","templated":true}]}}