{"id":2816,"date":"2022-01-28T12:13:59","date_gmt":"2022-01-28T12:13:59","guid":{"rendered":"https:\/\/blogsaverroes.juntadeandalucia.es\/iessanjose\/?p=2816"},"modified":"2022-02-01T12:20:57","modified_gmt":"2022-02-01T12:20:57","slug":"dia-de-la-paz-2","status":"publish","type":"post","link":"https:\/\/blogsaverroes.juntadeandalucia.es\/iessanjose\/dia-de-la-paz-2\/","title":{"rendered":"D\u00cdA DE LA PAZ"},"content":{"rendered":"<p>Estimados miembros de la comunidad educativa del IES San Jos\u00e9:<\/p>\n<p>Para conmemorar el D\u00eda de la Paz, los responsables del Programa IMPULSA, con la colaboraci\u00f3n del alumnado y el profesorado del centro, han realizado este v\u00eddeo para reivindicar la necesidad de hacer la paz y no la guerra. \u00a1Somos paz! \u00a1Hagamos la paz!<\/p>\n<p>Pinche en el enlace para ver el v\u00eddeo: <a href=\"https:\/\/www.youtube.com\/watch?v=ZPSuXsInE-M\">https:\/\/www.youtube.com\/watch?v=ZPSuXsInE-M<\/a><\/p>\n<p>&nbsp;<\/p>\n","protected":false},"excerpt":{"rendered":"<p>Estimados miembros de la comunidad educativa del IES San Jos\u00e9: Para conmemorar el D\u00eda de la Paz, los responsables del Programa IMPULSA, con la colaboraci\u00f3n del alumnado y el profesorado del centro, han realizado este v\u00eddeo para reivindicar la necesidad de hacer la paz y no la guerra. \u00a1Somos paz! \u00a1Hagamos la paz! Pinche en [&hellip;]<\/p>\n","protected":false},"author":6714,"featured_media":0,"comment_status":"open","ping_status":"open","sticky":false,"template":"","format":"standard","meta":{"ngg_post_thumbnail":0,"footnotes":""},"categories":[11909],"tags":[],"aioseo_notices":[],"_links":{"self":[{"href":"https:\/\/blogsaverroes.juntadeandalucia.es\/iessanjose\/wp-json\/wp\/v2\/posts\/2816"}],"collection":[{"href":"https:\/\/blogsaverroes.juntadeandalucia.es\/iessanjose\/wp-json\/wp\/v2\/posts"}],"about":[{"href":"https:\/\/blogsaverroes.juntadeandalucia.es\/iessanjose\/wp-json\/wp\/v2\/types\/post"}],"author":[{"embeddable":true,"href":"https:\/\/blogsaverroes.juntadeandalucia.es\/iessanjose\/wp-json\/wp\/v2\/users\/6714"}],"replies":[{"embeddable":true,"href":"https:\/\/blogsaverroes.juntadeandalucia.es\/iessanjose\/wp-json\/wp\/v2\/comments?post=2816"}],"version-history":[{"count":1,"href":"https:\/\/blogsaverroes.juntadeandalucia.es\/iessanjose\/wp-json\/wp\/v2\/posts\/2816\/revisions"}],"predecessor-version":[{"id":2817,"href":"https:\/\/blogsaverroes.juntadeandalucia.es\/iessanjose\/wp-json\/wp\/v2\/posts\/2816\/revisions\/2817"}],"wp:attachment":[{"href":"https:\/\/blogsaverroes.juntadeandalucia.es\/iessanjose\/wp-json\/wp\/v2\/media?parent=2816"}],"wp:term":[{"taxonomy":"category","embeddable":true,"href":"https:\/\/blogsaverroes.juntadeandalucia.es\/iessanjose\/wp-json\/wp\/v2\/categories?post=2816"},{"taxonomy":"post_tag","embeddable":true,"href":"https:\/\/blogsaverroes.juntadeandalucia.es\/iessanjose\/wp-json\/wp\/v2\/tags?post=2816"}],"curies":[{"name":"wp","href":"https:\/\/api.w.org\/{rel}","templated":true}]}}