{"id":10362,"date":"2021-05-24T09:26:39","date_gmt":"2021-05-24T09:26:39","guid":{"rendered":"https:\/\/blogsaverroes.juntadeandalucia.es\/iesramonycajalfuengirola\/?p=10362"},"modified":"2021-05-24T09:26:39","modified_gmt":"2021-05-24T09:26:39","slug":"antologia-de-poemas-acrosticos-en-frances","status":"publish","type":"post","link":"https:\/\/blogsaverroes.juntadeandalucia.es\/iessantiagoramonycajal\/antologia-de-poemas-acrosticos-en-frances\/","title":{"rendered":"Antolog\u00eda de Poemas Acr\u00f3sticos en Franc\u00e9s"},"content":{"rendered":"<table style=\"border-collapse: collapse;width: 100%\">\n<tbody>\n<tr>\n<td style=\"width: 100%\"><strong><span style=\"color: #ff6600\">Antolog\u00eda de poemas acr\u00f3sticos en franc\u00e9s<\/span><\/strong> realizados por los<strong><span style=\"color: #008080\"> alumnos y alumnas de 2\u00ba Bachillerato.<\/span><\/strong><\/p>\n<p style=\"text-align: center\"><span style=\"color: #800000\"><strong>\u00a1Enhorabuena, son maravillosos!<\/strong><\/span><\/p>\n<p>Recueil de po\u00e8mes acrostiches en fran\u00e7ais r\u00e9alis\u00e9 par les \u00e9l\u00e8ves de 2 Bachillerato.<\/p>\n<p style=\"text-align: center\">F\u00e9licitations, ils sont splendides.<\/p>\n<p><span style=\"font-size: 10pt;color: #0000ff\">Haz click en la imagen para ver los poemas<\/span><\/p>\n<p style=\"text-align: center\"><a title=\"Poemas Acrosticos Franc\u00e9s\" href=\"https:\/\/www.flickr.com\/photos\/147552640@N03\/albums\/72157719265520657\" data-flickr-embed=\"true\"><img loading=\"lazy\" decoding=\"async\" class=\"\" src=\"https:\/\/live.staticflickr.com\/65535\/51200280339_96bf3ab7ca.jpg\" alt=\"Poemas Acrosticos Franc\u00e9s\" width=\"376\" height=\"376\"><\/a>&nbsp;<\/p>\n<\/td>\n<\/tr>\n<\/tbody>\n<\/table>\n","protected":false},"excerpt":{"rendered":"<p>Antolog\u00eda de poemas acr\u00f3sticos en franc\u00e9s realizados por los alumnos y alumnas de 2\u00ba Bachillerato. \u00a1Enhorabuena, son maravillosos! Recueil de po\u00e8mes acrostiches en fran\u00e7ais r\u00e9alis\u00e9 par les \u00e9l\u00e8ves de 2 Bachillerato. F\u00e9licitations, ils sont splendides. Haz click en la imagen para ver los poemas &nbsp;<\/p>\n","protected":false},"author":2391,"featured_media":0,"comment_status":"closed","ping_status":"closed","sticky":false,"template":"","format":"standard","meta":{"_et_pb_use_builder":"","_et_pb_old_content":"","_et_gb_content_width":"","ngg_post_thumbnail":0,"footnotes":""},"categories":[21,22,23],"tags":[],"aioseo_notices":[],"_links":{"self":[{"href":"https:\/\/blogsaverroes.juntadeandalucia.es\/iessantiagoramonycajal\/wp-json\/wp\/v2\/posts\/10362"}],"collection":[{"href":"https:\/\/blogsaverroes.juntadeandalucia.es\/iessantiagoramonycajal\/wp-json\/wp\/v2\/posts"}],"about":[{"href":"https:\/\/blogsaverroes.juntadeandalucia.es\/iessantiagoramonycajal\/wp-json\/wp\/v2\/types\/post"}],"author":[{"embeddable":true,"href":"https:\/\/blogsaverroes.juntadeandalucia.es\/iessantiagoramonycajal\/wp-json\/wp\/v2\/users\/2391"}],"replies":[{"embeddable":true,"href":"https:\/\/blogsaverroes.juntadeandalucia.es\/iessantiagoramonycajal\/wp-json\/wp\/v2\/comments?post=10362"}],"version-history":[{"count":0,"href":"https:\/\/blogsaverroes.juntadeandalucia.es\/iessantiagoramonycajal\/wp-json\/wp\/v2\/posts\/10362\/revisions"}],"wp:attachment":[{"href":"https:\/\/blogsaverroes.juntadeandalucia.es\/iessantiagoramonycajal\/wp-json\/wp\/v2\/media?parent=10362"}],"wp:term":[{"taxonomy":"category","embeddable":true,"href":"https:\/\/blogsaverroes.juntadeandalucia.es\/iessantiagoramonycajal\/wp-json\/wp\/v2\/categories?post=10362"},{"taxonomy":"post_tag","embeddable":true,"href":"https:\/\/blogsaverroes.juntadeandalucia.es\/iessantiagoramonycajal\/wp-json\/wp\/v2\/tags?post=10362"}],"curies":[{"name":"wp","href":"https:\/\/api.w.org\/{rel}","templated":true}]}}