{"id":11501,"date":"2022-02-09T21:07:49","date_gmt":"2022-02-09T21:07:49","guid":{"rendered":"https:\/\/blogsaverroes.juntadeandalucia.es\/iesramonycajalfuengirola\/?p=11501"},"modified":"2022-02-09T21:07:49","modified_gmt":"2022-02-09T21:07:49","slug":"lipdub-dia-escolar-de-la-paz-y-la-no-violencia","status":"publish","type":"post","link":"https:\/\/blogsaverroes.juntadeandalucia.es\/iessantiagoramonycajal\/lipdub-dia-escolar-de-la-paz-y-la-no-violencia\/","title":{"rendered":"Lipdub D\u00eda Escolar de la Paz y la No Violencia"},"content":{"rendered":"<table style=\"border-collapse: collapse;width: 100%\">\n<tbody>\n<tr>\n<td style=\"width: 100%\">Las alumnas de <span style=\"color: #008080\"><strong>2\u00ba curso del Ciclo Formativo Superior de Educaci\u00f3n Infantil del turno de tarde, con su profesora Elena Amador y Andr\u00e9s Medina<\/strong><\/span>, han realizado una<strong> actividad interciclo<\/strong>, en el que tambi\u00e9n han colaborado los grupos de<strong> 1\u00ba de Educaci\u00f3n Infantil y 1\u00ba y 2\u00ba de Integraci\u00f3n Social<\/strong>. La actividad consiste en un Lipdub con motivo de la conmemoraci\u00f3n del D\u00eda Escolar de la Paz y la No Violencia<\/p>\n<p style=\"text-align: center\"><iframe loading=\"lazy\" src=\"https:\/\/www.youtube.com\/embed\/LL2fCirBzvU\" width=\"560\" height=\"315\" frameborder=\"0\"><\/iframe>&nbsp;<\/p>\n<\/td>\n<\/tr>\n<\/tbody>\n<\/table>\n","protected":false},"excerpt":{"rendered":"<p>Las alumnas de 2\u00ba curso del Ciclo Formativo Superior de Educaci\u00f3n Infantil del turno de tarde, con su profesora Elena Amador y Andr\u00e9s Medina, han realizado una actividad interciclo, en el que tambi\u00e9n han colaborado los grupos de 1\u00ba de Educaci\u00f3n Infantil y 1\u00ba y 2\u00ba de Integraci\u00f3n Social. La actividad consiste en un Lipdub [&hellip;]<\/p>\n","protected":false},"author":2391,"featured_media":0,"comment_status":"closed","ping_status":"closed","sticky":false,"template":"","format":"standard","meta":{"_et_pb_use_builder":"","_et_pb_old_content":"","_et_gb_content_width":"","ngg_post_thumbnail":0,"footnotes":""},"categories":[40,30,102],"tags":[29],"aioseo_notices":[],"_links":{"self":[{"href":"https:\/\/blogsaverroes.juntadeandalucia.es\/iessantiagoramonycajal\/wp-json\/wp\/v2\/posts\/11501"}],"collection":[{"href":"https:\/\/blogsaverroes.juntadeandalucia.es\/iessantiagoramonycajal\/wp-json\/wp\/v2\/posts"}],"about":[{"href":"https:\/\/blogsaverroes.juntadeandalucia.es\/iessantiagoramonycajal\/wp-json\/wp\/v2\/types\/post"}],"author":[{"embeddable":true,"href":"https:\/\/blogsaverroes.juntadeandalucia.es\/iessantiagoramonycajal\/wp-json\/wp\/v2\/users\/2391"}],"replies":[{"embeddable":true,"href":"https:\/\/blogsaverroes.juntadeandalucia.es\/iessantiagoramonycajal\/wp-json\/wp\/v2\/comments?post=11501"}],"version-history":[{"count":0,"href":"https:\/\/blogsaverroes.juntadeandalucia.es\/iessantiagoramonycajal\/wp-json\/wp\/v2\/posts\/11501\/revisions"}],"wp:attachment":[{"href":"https:\/\/blogsaverroes.juntadeandalucia.es\/iessantiagoramonycajal\/wp-json\/wp\/v2\/media?parent=11501"}],"wp:term":[{"taxonomy":"category","embeddable":true,"href":"https:\/\/blogsaverroes.juntadeandalucia.es\/iessantiagoramonycajal\/wp-json\/wp\/v2\/categories?post=11501"},{"taxonomy":"post_tag","embeddable":true,"href":"https:\/\/blogsaverroes.juntadeandalucia.es\/iessantiagoramonycajal\/wp-json\/wp\/v2\/tags?post=11501"}],"curies":[{"name":"wp","href":"https:\/\/api.w.org\/{rel}","templated":true}]}}