{"id":12765,"date":"2022-12-21T15:28:09","date_gmt":"2022-12-21T15:28:09","guid":{"rendered":"https:\/\/blogsaverroes.juntadeandalucia.es\/iesramonycajalfuengirola\/?p=12765"},"modified":"2022-12-21T15:28:09","modified_gmt":"2022-12-21T15:28:09","slug":"taller-de-naturaleza-otonal","status":"publish","type":"post","link":"https:\/\/blogsaverroes.juntadeandalucia.es\/iessantiagoramonycajal\/taller-de-naturaleza-otonal\/","title":{"rendered":"Taller de Naturaleza Oto\u00f1al"},"content":{"rendered":"<table style=\"border-collapse: collapse;width: 100%\">\n<tbody>\n<tr>\n<td style=\"width: 100%\">Esta semana se ha llevado a cabo una actividad muy interesante entre los alumnos y alumnas del<strong><span style=\"color: #008080\"> aula especifica y los de segundo de bachillerato:<\/span><\/strong> <strong><span style=\"color: #ff6600\">Taller de Naturaleza Oto\u00f1al<\/span><\/strong><\/p>\n<p>La actividad ha consistido en que los alumnos y alumnas del aula espec\u00edfica han explicado a los alumnos de 2\u00ba de Bachillerato B las especies vegetales y los frutos propios del oto\u00f1o. Los alumnos y alumnas del aula espec\u00edfica les han ido explicando las diferentes especies de \u00e1rboles y plantas propias del paisaje mediterr\u00e1neo, as\u00ed como los frutos y su forma de obtenci\u00f3n. Su explicaci\u00f3n estaba acompa\u00f1ada por una exposici\u00f3n de frutos y diferentes especies vegetales oto\u00f1ales.<\/p>\n<p>El alumnado de bachillerato ha disfrutado mucho con este taller y han aprendido muchas cosas que desconoc\u00edan.<\/p>\n<p><span style=\"font-size: 10pt;color: #0000ff\">Haz clic en la imagen para ver el \u00e1lbum<\/span><\/p>\n<p><a title=\"Taller de naturaleza oto\u00f1al\" href=\"https:\/\/www.flickr.com\/photos\/147552640@N03\/albums\/72177720304625182\" data-flickr-embed=\"true\"><img loading=\"lazy\" decoding=\"async\" class=\"aligncenter\" src=\"https:\/\/live.staticflickr.com\/65535\/52577827850_03a5ffc8c4.jpg\" alt=\"Taller de naturaleza oto\u00f1al\" width=\"499\" height=\"499\"><\/a>&nbsp;<\/p>\n<p>Esta actividad de <strong>buenas pr\u00e1cticas<\/strong> se ha realizado en la materia de<strong> Geograf\u00eda<\/strong> y gracias a las <strong>profesoras y monitoras del aula espec\u00edfica<\/strong>. Se enmarca dentro de los <strong>programas de innovaci\u00f3n educativa Comunica y Aldea B, coordinados por M\u00aa Jos\u00e9 L\u00f3pez y Gustavo Moreno<\/strong>. Se trata de una actividad que forma parte de nuestro objetivo prioritario, fomentar el <strong><span style=\"color: #ff0000\">desarrollo sostenible<\/span><\/strong>, en este caso, se trabaja el objetivo <strong><span style=\"color: #339966\">15- Vida de ecosistemas terrestres.<\/span><\/strong><\/td>\n<\/tr>\n<\/tbody>\n<\/table>\n","protected":false},"excerpt":{"rendered":"<p>Esta semana se ha llevado a cabo una actividad muy interesante entre los alumnos y alumnas del aula especifica y los de segundo de bachillerato: Taller de Naturaleza Oto\u00f1al La actividad ha consistido en que los alumnos y alumnas del aula espec\u00edfica han explicado a los alumnos de 2\u00ba de Bachillerato B las especies vegetales [&hellip;]<\/p>\n","protected":false},"author":2391,"featured_media":0,"comment_status":"closed","ping_status":"closed","sticky":false,"template":"","format":"standard","meta":{"_et_pb_use_builder":"","_et_pb_old_content":"","_et_gb_content_width":"","ngg_post_thumbnail":0,"footnotes":""},"categories":[22,64,74,212,194,195,140,25],"tags":[211,24,197,142],"aioseo_notices":[],"_links":{"self":[{"href":"https:\/\/blogsaverroes.juntadeandalucia.es\/iessantiagoramonycajal\/wp-json\/wp\/v2\/posts\/12765"}],"collection":[{"href":"https:\/\/blogsaverroes.juntadeandalucia.es\/iessantiagoramonycajal\/wp-json\/wp\/v2\/posts"}],"about":[{"href":"https:\/\/blogsaverroes.juntadeandalucia.es\/iessantiagoramonycajal\/wp-json\/wp\/v2\/types\/post"}],"author":[{"embeddable":true,"href":"https:\/\/blogsaverroes.juntadeandalucia.es\/iessantiagoramonycajal\/wp-json\/wp\/v2\/users\/2391"}],"replies":[{"embeddable":true,"href":"https:\/\/blogsaverroes.juntadeandalucia.es\/iessantiagoramonycajal\/wp-json\/wp\/v2\/comments?post=12765"}],"version-history":[{"count":0,"href":"https:\/\/blogsaverroes.juntadeandalucia.es\/iessantiagoramonycajal\/wp-json\/wp\/v2\/posts\/12765\/revisions"}],"wp:attachment":[{"href":"https:\/\/blogsaverroes.juntadeandalucia.es\/iessantiagoramonycajal\/wp-json\/wp\/v2\/media?parent=12765"}],"wp:term":[{"taxonomy":"category","embeddable":true,"href":"https:\/\/blogsaverroes.juntadeandalucia.es\/iessantiagoramonycajal\/wp-json\/wp\/v2\/categories?post=12765"},{"taxonomy":"post_tag","embeddable":true,"href":"https:\/\/blogsaverroes.juntadeandalucia.es\/iessantiagoramonycajal\/wp-json\/wp\/v2\/tags?post=12765"}],"curies":[{"name":"wp","href":"https:\/\/api.w.org\/{rel}","templated":true}]}}