{"id":12820,"date":"2022-12-22T18:41:55","date_gmt":"2022-12-22T18:41:55","guid":{"rendered":"https:\/\/blogsaverroes.juntadeandalucia.es\/iesramonycajalfuengirola\/?p=12820"},"modified":"2022-12-22T18:41:55","modified_gmt":"2022-12-22T18:41:55","slug":"talleres-navidenos-entre-1o-apsd-y-ptval","status":"publish","type":"post","link":"https:\/\/blogsaverroes.juntadeandalucia.es\/iessantiagoramonycajal\/talleres-navidenos-entre-1o-apsd-y-ptval\/","title":{"rendered":"Talleres navide\u00f1os entre 1\u00ba APSD y PTVAL"},"content":{"rendered":"<table style=\"border-collapse: collapse;width: 100%\">\n<tbody>\n<tr>\n<td style=\"width: 100%\">Para celebrar la navidad, el alumnado de <strong><span style=\"color: #008080\">1\u00ba de APSD<\/span> <\/strong>con su profesora <strong>Y\u00e9ssica Acosta<\/strong>, han colaborado con los alumnos y alumnas de los cursos de<strong><span style=\"color: #008080\"> PTVAL<\/span><\/strong> en unos <strong><span style=\"color: #ff6600\">talleres navide\u00f1os<\/span><\/strong> en los que se han realizado unas deliciosas manualidades.<\/p>\n<p><span style=\"font-size: 10pt;color: #0000ff\">Haz clic en la imagen para ver el \u00e1lbum<\/span><\/p>\n<p style=\"text-align: center\"><a title=\"Talleres colaborativos Navidad\" href=\"https:\/\/www.flickr.com\/photos\/147552640@N03\/albums\/72177720305478685\" data-flickr-embed=\"true\"><img loading=\"lazy\" decoding=\"async\" class=\"\" src=\"https:\/\/live.staticflickr.com\/65535\/52647237085_9c7716c133.jpg\" alt=\"Talleres colaborativos Navidad\" width=\"391\" height=\"391\"><\/a>&nbsp;<\/p>\n<p>&nbsp;<\/p>\n<p>&nbsp;<\/p>\n<p>&nbsp;<\/td>\n<\/tr>\n<\/tbody>\n<\/table>\n","protected":false},"excerpt":{"rendered":"<p>Para celebrar la navidad, el alumnado de 1\u00ba de APSD con su profesora Y\u00e9ssica Acosta, han colaborado con los alumnos y alumnas de los cursos de PTVAL en unos talleres navide\u00f1os en los que se han realizado unas deliciosas manualidades. Haz clic en la imagen para ver el \u00e1lbum &nbsp; &nbsp; &nbsp; &nbsp;<\/p>\n","protected":false},"author":2391,"featured_media":0,"comment_status":"closed","ping_status":"closed","sticky":false,"template":"","format":"standard","meta":{"_et_pb_use_builder":"","_et_pb_old_content":"","_et_gb_content_width":"","ngg_post_thumbnail":0,"footnotes":""},"categories":[40,132],"tags":[],"aioseo_notices":[],"_links":{"self":[{"href":"https:\/\/blogsaverroes.juntadeandalucia.es\/iessantiagoramonycajal\/wp-json\/wp\/v2\/posts\/12820"}],"collection":[{"href":"https:\/\/blogsaverroes.juntadeandalucia.es\/iessantiagoramonycajal\/wp-json\/wp\/v2\/posts"}],"about":[{"href":"https:\/\/blogsaverroes.juntadeandalucia.es\/iessantiagoramonycajal\/wp-json\/wp\/v2\/types\/post"}],"author":[{"embeddable":true,"href":"https:\/\/blogsaverroes.juntadeandalucia.es\/iessantiagoramonycajal\/wp-json\/wp\/v2\/users\/2391"}],"replies":[{"embeddable":true,"href":"https:\/\/blogsaverroes.juntadeandalucia.es\/iessantiagoramonycajal\/wp-json\/wp\/v2\/comments?post=12820"}],"version-history":[{"count":0,"href":"https:\/\/blogsaverroes.juntadeandalucia.es\/iessantiagoramonycajal\/wp-json\/wp\/v2\/posts\/12820\/revisions"}],"wp:attachment":[{"href":"https:\/\/blogsaverroes.juntadeandalucia.es\/iessantiagoramonycajal\/wp-json\/wp\/v2\/media?parent=12820"}],"wp:term":[{"taxonomy":"category","embeddable":true,"href":"https:\/\/blogsaverroes.juntadeandalucia.es\/iessantiagoramonycajal\/wp-json\/wp\/v2\/categories?post=12820"},{"taxonomy":"post_tag","embeddable":true,"href":"https:\/\/blogsaverroes.juntadeandalucia.es\/iessantiagoramonycajal\/wp-json\/wp\/v2\/tags?post=12820"}],"curies":[{"name":"wp","href":"https:\/\/api.w.org\/{rel}","templated":true}]}}