{"id":13085,"date":"2023-03-27T08:24:26","date_gmt":"2023-03-27T08:24:26","guid":{"rendered":"https:\/\/blogsaverroes.juntadeandalucia.es\/iesramonycajalfuengirola\/?p=13085"},"modified":"2023-03-27T08:24:26","modified_gmt":"2023-03-27T08:24:26","slug":"separando-mezclas-en-el-laboratorio-de-fisica-y-quimica","status":"publish","type":"post","link":"https:\/\/blogsaverroes.juntadeandalucia.es\/iessantiagoramonycajal\/separando-mezclas-en-el-laboratorio-de-fisica-y-quimica\/","title":{"rendered":"Separando mezclas en el laboratorio de F\u00edsica y Qu\u00edmica"},"content":{"rendered":"<table style=\"border-collapse: collapse;width: 100%\">\n<tbody>\n<tr>\n<td style=\"width: 100%\">Seguimos nuestra vuelta a la normalidad realizando <strong><span style=\"color: #ff6600\">pr\u00e1cticas en el laboratorio de F\u00edsica y Qu\u00edmica<\/span><\/strong>. En este caso, los alumnos y alumnas de<strong><span style=\"color: #008080\"> 2\u00ba ESO<\/span><\/strong> practican los m\u00e9todos de separaci\u00f3n de mezclas. En este caso, los alumnos y alumnas de PMAR participan, con su profesora Pepa Campos como invitados.<\/p>\n<p style=\"text-align: center\"><a title=\"Practicando separaciones en el laboratorio\" href=\"https:\/\/www.flickr.com\/photos\/147552640@N03\/albums\/72177720307026877\" data-flickr-embed=\"true\"><img loading=\"lazy\" decoding=\"async\" class=\"\" src=\"https:\/\/live.staticflickr.com\/65535\/52774533325_6f195b92c8.jpg\" alt=\"Practicando separaciones en el laboratorio\" width=\"326\" height=\"326\"><\/a>&nbsp;<\/p>\n<\/td>\n<\/tr>\n<\/tbody>\n<\/table>\n","protected":false},"excerpt":{"rendered":"<p>Seguimos nuestra vuelta a la normalidad realizando pr\u00e1cticas en el laboratorio de F\u00edsica y Qu\u00edmica. En este caso, los alumnos y alumnas de 2\u00ba ESO practican los m\u00e9todos de separaci\u00f3n de mezclas. En este caso, los alumnos y alumnas de PMAR participan, con su profesora Pepa Campos como invitados. &nbsp;<\/p>\n","protected":false},"author":2391,"featured_media":0,"comment_status":"closed","ping_status":"closed","sticky":false,"template":"","format":"standard","meta":{"_et_pb_use_builder":"","_et_pb_old_content":"","_et_gb_content_width":"","ngg_post_thumbnail":0,"footnotes":""},"categories":[53],"tags":[],"aioseo_notices":[],"_links":{"self":[{"href":"https:\/\/blogsaverroes.juntadeandalucia.es\/iessantiagoramonycajal\/wp-json\/wp\/v2\/posts\/13085"}],"collection":[{"href":"https:\/\/blogsaverroes.juntadeandalucia.es\/iessantiagoramonycajal\/wp-json\/wp\/v2\/posts"}],"about":[{"href":"https:\/\/blogsaverroes.juntadeandalucia.es\/iessantiagoramonycajal\/wp-json\/wp\/v2\/types\/post"}],"author":[{"embeddable":true,"href":"https:\/\/blogsaverroes.juntadeandalucia.es\/iessantiagoramonycajal\/wp-json\/wp\/v2\/users\/2391"}],"replies":[{"embeddable":true,"href":"https:\/\/blogsaverroes.juntadeandalucia.es\/iessantiagoramonycajal\/wp-json\/wp\/v2\/comments?post=13085"}],"version-history":[{"count":0,"href":"https:\/\/blogsaverroes.juntadeandalucia.es\/iessantiagoramonycajal\/wp-json\/wp\/v2\/posts\/13085\/revisions"}],"wp:attachment":[{"href":"https:\/\/blogsaverroes.juntadeandalucia.es\/iessantiagoramonycajal\/wp-json\/wp\/v2\/media?parent=13085"}],"wp:term":[{"taxonomy":"category","embeddable":true,"href":"https:\/\/blogsaverroes.juntadeandalucia.es\/iessantiagoramonycajal\/wp-json\/wp\/v2\/categories?post=13085"},{"taxonomy":"post_tag","embeddable":true,"href":"https:\/\/blogsaverroes.juntadeandalucia.es\/iessantiagoramonycajal\/wp-json\/wp\/v2\/tags?post=13085"}],"curies":[{"name":"wp","href":"https:\/\/api.w.org\/{rel}","templated":true}]}}