{"id":13981,"date":"2024-01-23T07:57:59","date_gmt":"2024-01-23T07:57:59","guid":{"rendered":"https:\/\/blogsaverroes.juntadeandalucia.es\/iesramonycajalfuengirola\/?p=13981"},"modified":"2024-01-23T07:57:59","modified_gmt":"2024-01-23T07:57:59","slug":"episodios-de-la-mitologia","status":"publish","type":"post","link":"https:\/\/blogsaverroes.juntadeandalucia.es\/iessantiagoramonycajal\/episodios-de-la-mitologia\/","title":{"rendered":"Episodios de la Mitolog\u00eda"},"content":{"rendered":"<table style=\"border-collapse: collapse;width: 100%\">\n<tbody>\n<tr>\n<td style=\"width: 100%\"><strong><span style=\"color: #008080\">El alumnado de 4\u00ba ESO B<\/span><\/strong> en la materia de Lat\u00edn, ha desarrollado un trabajo de expresi\u00f3n oral por grupos presentando el clase oralmente <strong><span style=\"color: #ff6600\">episodios de la mitolog\u00eda<\/span><\/strong>, en particular, los mitos sobre seres fant\u00e1sticos y h\u00e9roes, como Medusa, Quimera y otros.<\/p>\n<p style=\"text-align: center\"><a title=\"Episodios de la mitolog\u00eda\" href=\"https:\/\/www.flickr.com\/photos\/147552640@N03\/albums\/72177720314287379\" data-flickr-embed=\"true\"><img loading=\"lazy\" decoding=\"async\" class=\"\" src=\"https:\/\/live.staticflickr.com\/65535\/53480976642_47b567e883.jpg\" alt=\"Episodios de la mitolog\u00eda\" width=\"392\" height=\"392\"><\/a>&nbsp;<\/p>\n<\/td>\n<\/tr>\n<\/tbody>\n<\/table>\n","protected":false},"excerpt":{"rendered":"<p>El alumnado de 4\u00ba ESO B en la materia de Lat\u00edn, ha desarrollado un trabajo de expresi\u00f3n oral por grupos presentando el clase oralmente episodios de la mitolog\u00eda, en particular, los mitos sobre seres fant\u00e1sticos y h\u00e9roes, como Medusa, Quimera y otros. &nbsp;<\/p>\n","protected":false},"author":2391,"featured_media":0,"comment_status":"closed","ping_status":"closed","sticky":false,"template":"","format":"standard","meta":{"_et_pb_use_builder":"","_et_pb_old_content":"","_et_gb_content_width":"","ngg_post_thumbnail":0,"footnotes":""},"categories":[114,78],"tags":[],"aioseo_notices":[],"_links":{"self":[{"href":"https:\/\/blogsaverroes.juntadeandalucia.es\/iessantiagoramonycajal\/wp-json\/wp\/v2\/posts\/13981"}],"collection":[{"href":"https:\/\/blogsaverroes.juntadeandalucia.es\/iessantiagoramonycajal\/wp-json\/wp\/v2\/posts"}],"about":[{"href":"https:\/\/blogsaverroes.juntadeandalucia.es\/iessantiagoramonycajal\/wp-json\/wp\/v2\/types\/post"}],"author":[{"embeddable":true,"href":"https:\/\/blogsaverroes.juntadeandalucia.es\/iessantiagoramonycajal\/wp-json\/wp\/v2\/users\/2391"}],"replies":[{"embeddable":true,"href":"https:\/\/blogsaverroes.juntadeandalucia.es\/iessantiagoramonycajal\/wp-json\/wp\/v2\/comments?post=13981"}],"version-history":[{"count":0,"href":"https:\/\/blogsaverroes.juntadeandalucia.es\/iessantiagoramonycajal\/wp-json\/wp\/v2\/posts\/13981\/revisions"}],"wp:attachment":[{"href":"https:\/\/blogsaverroes.juntadeandalucia.es\/iessantiagoramonycajal\/wp-json\/wp\/v2\/media?parent=13981"}],"wp:term":[{"taxonomy":"category","embeddable":true,"href":"https:\/\/blogsaverroes.juntadeandalucia.es\/iessantiagoramonycajal\/wp-json\/wp\/v2\/categories?post=13981"},{"taxonomy":"post_tag","embeddable":true,"href":"https:\/\/blogsaverroes.juntadeandalucia.es\/iessantiagoramonycajal\/wp-json\/wp\/v2\/tags?post=13981"}],"curies":[{"name":"wp","href":"https:\/\/api.w.org\/{rel}","templated":true}]}}