{"id":14111,"date":"2023-12-05T12:21:58","date_gmt":"2023-12-05T12:21:58","guid":{"rendered":"https:\/\/blogsaverroes.juntadeandalucia.es\/iesramonycajalfuengirola\/?p=14111"},"modified":"2023-12-05T12:21:58","modified_gmt":"2023-12-05T12:21:58","slug":"visita-al-parque-de-las-ciencias-de-granada-2","status":"publish","type":"post","link":"https:\/\/blogsaverroes.juntadeandalucia.es\/iessantiagoramonycajal\/visita-al-parque-de-las-ciencias-de-granada-2\/","title":{"rendered":"Visita al Parque de las Ciencias de Granada"},"content":{"rendered":"<table style=\"border-collapse: collapse;width: 100%\">\n<tbody>\n<tr>\n<td style=\"width: 100%\">El pasado 29 de noviembre, <strong><span style=\"color: #008080\">los alumnos y alumnas de 4\u00ba ESO A y C<\/span><\/strong> visitaron el <strong><span style=\"color: #ff6600\">Parque de las Ciencias de Granada<\/span><\/strong>, acompa\u00f1ados por sus profesores de Biolog\u00eda y Geolog\u00eda Isabel Villalba, Sergio Salobre\u00f1a y F\u00e9lix Seco.<\/p>\n<p style=\"text-align: center\"><a title=\"Visita al Parque de las Ciencias de Granada\" href=\"https:\/\/www.flickr.com\/photos\/147552640@N03\/albums\/72177720314579370\" data-flickr-embed=\"true\"><img loading=\"lazy\" decoding=\"async\" class=\"\" src=\"https:\/\/live.staticflickr.com\/65535\/53509446607_5502296e9d.jpg\" alt=\"Visita al Parque de las Ciencias de Granada\" width=\"385\" height=\"385\"><\/a>&nbsp;<\/p>\n<\/td>\n<\/tr>\n<\/tbody>\n<\/table>\n","protected":false},"excerpt":{"rendered":"<p>El pasado 29 de noviembre, los alumnos y alumnas de 4\u00ba ESO A y C visitaron el Parque de las Ciencias de Granada, acompa\u00f1ados por sus profesores de Biolog\u00eda y Geolog\u00eda Isabel Villalba, Sergio Salobre\u00f1a y F\u00e9lix Seco. &nbsp;<\/p>\n","protected":false},"author":2391,"featured_media":0,"comment_status":"closed","ping_status":"closed","sticky":false,"template":"","format":"standard","meta":{"_et_pb_use_builder":"","_et_pb_old_content":"","_et_gb_content_width":"","ngg_post_thumbnail":0,"footnotes":""},"categories":[113,108,55],"tags":[],"aioseo_notices":[],"_links":{"self":[{"href":"https:\/\/blogsaverroes.juntadeandalucia.es\/iessantiagoramonycajal\/wp-json\/wp\/v2\/posts\/14111"}],"collection":[{"href":"https:\/\/blogsaverroes.juntadeandalucia.es\/iessantiagoramonycajal\/wp-json\/wp\/v2\/posts"}],"about":[{"href":"https:\/\/blogsaverroes.juntadeandalucia.es\/iessantiagoramonycajal\/wp-json\/wp\/v2\/types\/post"}],"author":[{"embeddable":true,"href":"https:\/\/blogsaverroes.juntadeandalucia.es\/iessantiagoramonycajal\/wp-json\/wp\/v2\/users\/2391"}],"replies":[{"embeddable":true,"href":"https:\/\/blogsaverroes.juntadeandalucia.es\/iessantiagoramonycajal\/wp-json\/wp\/v2\/comments?post=14111"}],"version-history":[{"count":0,"href":"https:\/\/blogsaverroes.juntadeandalucia.es\/iessantiagoramonycajal\/wp-json\/wp\/v2\/posts\/14111\/revisions"}],"wp:attachment":[{"href":"https:\/\/blogsaverroes.juntadeandalucia.es\/iessantiagoramonycajal\/wp-json\/wp\/v2\/media?parent=14111"}],"wp:term":[{"taxonomy":"category","embeddable":true,"href":"https:\/\/blogsaverroes.juntadeandalucia.es\/iessantiagoramonycajal\/wp-json\/wp\/v2\/categories?post=14111"},{"taxonomy":"post_tag","embeddable":true,"href":"https:\/\/blogsaverroes.juntadeandalucia.es\/iessantiagoramonycajal\/wp-json\/wp\/v2\/tags?post=14111"}],"curies":[{"name":"wp","href":"https:\/\/api.w.org\/{rel}","templated":true}]}}