{"id":14192,"date":"2024-03-08T12:54:13","date_gmt":"2024-03-08T12:54:13","guid":{"rendered":"https:\/\/blogsaverroes.juntadeandalucia.es\/iesramonycajalfuengirola\/?p=14192"},"modified":"2024-03-08T12:54:13","modified_gmt":"2024-03-08T12:54:13","slug":"participacion-en-ii-congreso-nacional-de-tecnologia-e-ingenieria","status":"publish","type":"post","link":"https:\/\/blogsaverroes.juntadeandalucia.es\/iessantiagoramonycajal\/participacion-en-ii-congreso-nacional-de-tecnologia-e-ingenieria\/","title":{"rendered":"Participaci\u00f3n en II Congreso Nacional de Tecnolog\u00eda e Ingenier\u00eda"},"content":{"rendered":"<table style=\"border-collapse: collapse;width: 100%\">\n<tbody>\n<tr>\n<td style=\"width: 100%\">Parte de los miembros de <strong><span style=\"color: #008080\">departamento de Tecnolog\u00eda<\/span><\/strong> del IES Santiago Ram\u00f3n y Cajal, participan en el<strong><span style=\"color: #ff6600\"> II Congreso Nacional de Tecnolog\u00eda e Ingenier\u00eda<\/span><\/strong>, celebrado en M\u00e1laga el 16 y 17 de febrero.<\/p>\n<p style=\"text-align: center\"><a title=\"2024-03-08_01-48-02\" href=\"https:\/\/www.flickr.com\/photos\/147552640@N03\/53575008328\/in\/dateposted-public\/\" data-flickr-embed=\"true\"><img loading=\"lazy\" decoding=\"async\" class=\"\" src=\"https:\/\/live.staticflickr.com\/65535\/53575008328_95a734247c_z.jpg\" alt=\"2024-03-08_01-48-02\" width=\"318\" height=\"318\"><\/a>&nbsp;<\/p>\n<p>Esta actividad se enmarca dentro del <strong>Programa CIMA<\/strong>, coordinado por Juan A. G\u00f3mez en el \u00c1mbito STEAM.<\/td>\n<\/tr>\n<\/tbody>\n<\/table>\n","protected":false},"excerpt":{"rendered":"<p>Parte de los miembros de departamento de Tecnolog\u00eda del IES Santiago Ram\u00f3n y Cajal, participan en el II Congreso Nacional de Tecnolog\u00eda e Ingenier\u00eda, celebrado en M\u00e1laga el 16 y 17 de febrero. &nbsp; Esta actividad se enmarca dentro del Programa CIMA, coordinado por Juan A. G\u00f3mez en el \u00c1mbito STEAM.<\/p>\n","protected":false},"author":2391,"featured_media":0,"comment_status":"closed","ping_status":"closed","sticky":false,"template":"","format":"standard","meta":{"_et_pb_use_builder":"","_et_pb_old_content":"","_et_gb_content_width":"","ngg_post_thumbnail":0,"footnotes":""},"categories":[106,235,239],"tags":[229,151],"aioseo_notices":[],"_links":{"self":[{"href":"https:\/\/blogsaverroes.juntadeandalucia.es\/iessantiagoramonycajal\/wp-json\/wp\/v2\/posts\/14192"}],"collection":[{"href":"https:\/\/blogsaverroes.juntadeandalucia.es\/iessantiagoramonycajal\/wp-json\/wp\/v2\/posts"}],"about":[{"href":"https:\/\/blogsaverroes.juntadeandalucia.es\/iessantiagoramonycajal\/wp-json\/wp\/v2\/types\/post"}],"author":[{"embeddable":true,"href":"https:\/\/blogsaverroes.juntadeandalucia.es\/iessantiagoramonycajal\/wp-json\/wp\/v2\/users\/2391"}],"replies":[{"embeddable":true,"href":"https:\/\/blogsaverroes.juntadeandalucia.es\/iessantiagoramonycajal\/wp-json\/wp\/v2\/comments?post=14192"}],"version-history":[{"count":0,"href":"https:\/\/blogsaverroes.juntadeandalucia.es\/iessantiagoramonycajal\/wp-json\/wp\/v2\/posts\/14192\/revisions"}],"wp:attachment":[{"href":"https:\/\/blogsaverroes.juntadeandalucia.es\/iessantiagoramonycajal\/wp-json\/wp\/v2\/media?parent=14192"}],"wp:term":[{"taxonomy":"category","embeddable":true,"href":"https:\/\/blogsaverroes.juntadeandalucia.es\/iessantiagoramonycajal\/wp-json\/wp\/v2\/categories?post=14192"},{"taxonomy":"post_tag","embeddable":true,"href":"https:\/\/blogsaverroes.juntadeandalucia.es\/iessantiagoramonycajal\/wp-json\/wp\/v2\/tags?post=14192"}],"curies":[{"name":"wp","href":"https:\/\/api.w.org\/{rel}","templated":true}]}}