{"id":14428,"date":"2024-04-30T11:45:13","date_gmt":"2024-04-30T11:45:13","guid":{"rendered":"https:\/\/blogsaverroes.juntadeandalucia.es\/iesramonycajalfuengirola\/?p=14428"},"modified":"2024-04-30T11:45:13","modified_gmt":"2024-04-30T11:45:13","slug":"creacion-de-marcapaginas","status":"publish","type":"post","link":"https:\/\/blogsaverroes.juntadeandalucia.es\/iessantiagoramonycajal\/creacion-de-marcapaginas\/","title":{"rendered":"Creaci\u00f3n de marcap\u00e1ginas"},"content":{"rendered":"<table style=\"border-collapse: collapse;width: 100%\">\n<tbody>\n<tr>\n<td style=\"width: 100%\">Dentro de la <strong>V Semana Cultural<\/strong>, el <strong>departamento de Dibujo<\/strong> ha organizado un taller de<strong><span style=\"color: #ff6600\"> creaci\u00f3n de marcap\u00e1ginas<\/span><\/strong>. El alumnado de 1\u00ba ESO ha creado marcap\u00e1ginas sobre cuentos infantiles&nbsp; populares con el profesor Manuel G\u00f3mez y el alumnado de 4\u00ba ESO ha creado marcap\u00e1ginas con la tem\u00e1tica de la interculturalidad con la profesora Marina G\u00f3mez.<\/p>\n<p style=\"text-align: center\"><a title=\"Creaci\u00f3n de marcap\u00e1ginas\" href=\"https:\/\/www.flickr.com\/photos\/147552640@N03\/albums\/72177720316600811\" data-flickr-embed=\"true\"><img loading=\"lazy\" decoding=\"async\" class=\"\" src=\"https:\/\/live.staticflickr.com\/65535\/53689290098_a9cf39db79.jpg\" alt=\"Creaci\u00f3n de marcap\u00e1ginas\" width=\"423\" height=\"423\"><\/a>&nbsp;<\/p>\n<p>&nbsp;<\/td>\n<\/tr>\n<\/tbody>\n<\/table>\n","protected":false},"excerpt":{"rendered":"<p>Dentro de la V Semana Cultural, el departamento de Dibujo ha organizado un taller de creaci\u00f3n de marcap\u00e1ginas. El alumnado de 1\u00ba ESO ha creado marcap\u00e1ginas sobre cuentos infantiles&nbsp; populares con el profesor Manuel G\u00f3mez y el alumnado de 4\u00ba ESO ha creado marcap\u00e1ginas con la tem\u00e1tica de la interculturalidad con la profesora Marina G\u00f3mez. [&hellip;]<\/p>\n","protected":false},"author":2391,"featured_media":0,"comment_status":"closed","ping_status":"closed","sticky":false,"template":"","format":"standard","meta":{"_et_pb_use_builder":"","_et_pb_old_content":"","_et_gb_content_width":"","ngg_post_thumbnail":0,"footnotes":""},"categories":[33,87],"tags":[179],"aioseo_notices":[],"_links":{"self":[{"href":"https:\/\/blogsaverroes.juntadeandalucia.es\/iessantiagoramonycajal\/wp-json\/wp\/v2\/posts\/14428"}],"collection":[{"href":"https:\/\/blogsaverroes.juntadeandalucia.es\/iessantiagoramonycajal\/wp-json\/wp\/v2\/posts"}],"about":[{"href":"https:\/\/blogsaverroes.juntadeandalucia.es\/iessantiagoramonycajal\/wp-json\/wp\/v2\/types\/post"}],"author":[{"embeddable":true,"href":"https:\/\/blogsaverroes.juntadeandalucia.es\/iessantiagoramonycajal\/wp-json\/wp\/v2\/users\/2391"}],"replies":[{"embeddable":true,"href":"https:\/\/blogsaverroes.juntadeandalucia.es\/iessantiagoramonycajal\/wp-json\/wp\/v2\/comments?post=14428"}],"version-history":[{"count":0,"href":"https:\/\/blogsaverroes.juntadeandalucia.es\/iessantiagoramonycajal\/wp-json\/wp\/v2\/posts\/14428\/revisions"}],"wp:attachment":[{"href":"https:\/\/blogsaverroes.juntadeandalucia.es\/iessantiagoramonycajal\/wp-json\/wp\/v2\/media?parent=14428"}],"wp:term":[{"taxonomy":"category","embeddable":true,"href":"https:\/\/blogsaverroes.juntadeandalucia.es\/iessantiagoramonycajal\/wp-json\/wp\/v2\/categories?post=14428"},{"taxonomy":"post_tag","embeddable":true,"href":"https:\/\/blogsaverroes.juntadeandalucia.es\/iessantiagoramonycajal\/wp-json\/wp\/v2\/tags?post=14428"}],"curies":[{"name":"wp","href":"https:\/\/api.w.org\/{rel}","templated":true}]}}