{"id":15023,"date":"2024-12-20T09:07:33","date_gmt":"2024-12-20T09:07:33","guid":{"rendered":"https:\/\/blogsaverroes.juntadeandalucia.es\/iesramonycajalfuengirola\/?p=15023"},"modified":"2024-12-20T09:07:33","modified_gmt":"2024-12-20T09:07:33","slug":"premios-tarjetas-navidenas-matematicas","status":"publish","type":"post","link":"https:\/\/blogsaverroes.juntadeandalucia.es\/iessantiagoramonycajal\/premios-tarjetas-navidenas-matematicas\/","title":{"rendered":"Premios Tarjetas Navide\u00f1as Matem\u00e1ticas"},"content":{"rendered":"<table style=\"border-collapse: collapse;width: 100%\">\n<tbody>\n<tr>\n<td style=\"width: 100%\">Los premiados en el <span style=\"color: #ff6600\"><strong>Concurso de Tarjetas Navide\u00f1as Matem\u00e1ticas<\/strong> <\/span>son:<\/p>\n<p><strong>De la categor\u00eda de 1\u00ba y 2\u00ba ESO:<\/strong><\/p>\n<p style=\"padding-left: 40px\">1\u00ba Premio: Nerea G. 1\u00ba ESO E<br \/>\n2\u00ba Premio: Alejandro E. 1\u00ba ESO D<br \/>\n3\u00ba Premio: Carolina S. 1\u00ba ESO E<\/p>\n<p><strong>De la categor\u00eda de 3\u00ba y 4\u00ba ESO:<\/strong><\/p>\n<p style=\"padding-left: 40px\">1\u00ba Premio: Miguel C. 4\u00ba ESO B<br \/>\n2\u00ba Premio: Arturo C. 4\u00ba ESO B<\/p>\n<p style=\"text-align: center\"><a title=\"Premios Tarjetas Navide\u00f1as\" href=\"https:\/\/www.flickr.com\/photos\/147552640@N03\/albums\/72177720322820857\" data-flickr-embed=\"true\"><img loading=\"lazy\" decoding=\"async\" class=\"\" src=\"https:\/\/live.staticflickr.com\/65535\/54231614773_885eea760d.jpg\" alt=\"Premios Tarjetas Navide\u00f1as\" width=\"335\" height=\"335\"><\/a>&nbsp;<\/p>\n<p style=\"text-align: center\"><span style=\"color: #ff0000;font-size: 12pt\"><strong>\u00a1Enhorabuena!<\/strong><\/span><\/p>\n<p>Actividad organizada por el departamento de matem\u00e1ticas<\/td>\n<\/tr>\n<\/tbody>\n<\/table>\n","protected":false},"excerpt":{"rendered":"<p>Los premiados en el Concurso de Tarjetas Navide\u00f1as Matem\u00e1ticas son: De la categor\u00eda de 1\u00ba y 2\u00ba ESO: 1\u00ba Premio: Nerea G. 1\u00ba ESO E 2\u00ba Premio: Alejandro E. 1\u00ba ESO D 3\u00ba Premio: Carolina S. 1\u00ba ESO E De la categor\u00eda de 3\u00ba y 4\u00ba ESO: 1\u00ba Premio: Miguel C. 4\u00ba ESO B 2\u00ba [&hellip;]<\/p>\n","protected":false},"author":2391,"featured_media":0,"comment_status":"closed","ping_status":"closed","sticky":false,"template":"","format":"standard","meta":{"_et_pb_use_builder":"","_et_pb_old_content":"","_et_gb_content_width":"","ngg_post_thumbnail":0,"footnotes":""},"categories":[71],"tags":[],"aioseo_notices":[],"_links":{"self":[{"href":"https:\/\/blogsaverroes.juntadeandalucia.es\/iessantiagoramonycajal\/wp-json\/wp\/v2\/posts\/15023"}],"collection":[{"href":"https:\/\/blogsaverroes.juntadeandalucia.es\/iessantiagoramonycajal\/wp-json\/wp\/v2\/posts"}],"about":[{"href":"https:\/\/blogsaverroes.juntadeandalucia.es\/iessantiagoramonycajal\/wp-json\/wp\/v2\/types\/post"}],"author":[{"embeddable":true,"href":"https:\/\/blogsaverroes.juntadeandalucia.es\/iessantiagoramonycajal\/wp-json\/wp\/v2\/users\/2391"}],"replies":[{"embeddable":true,"href":"https:\/\/blogsaverroes.juntadeandalucia.es\/iessantiagoramonycajal\/wp-json\/wp\/v2\/comments?post=15023"}],"version-history":[{"count":0,"href":"https:\/\/blogsaverroes.juntadeandalucia.es\/iessantiagoramonycajal\/wp-json\/wp\/v2\/posts\/15023\/revisions"}],"wp:attachment":[{"href":"https:\/\/blogsaverroes.juntadeandalucia.es\/iessantiagoramonycajal\/wp-json\/wp\/v2\/media?parent=15023"}],"wp:term":[{"taxonomy":"category","embeddable":true,"href":"https:\/\/blogsaverroes.juntadeandalucia.es\/iessantiagoramonycajal\/wp-json\/wp\/v2\/categories?post=15023"},{"taxonomy":"post_tag","embeddable":true,"href":"https:\/\/blogsaverroes.juntadeandalucia.es\/iessantiagoramonycajal\/wp-json\/wp\/v2\/tags?post=15023"}],"curies":[{"name":"wp","href":"https:\/\/api.w.org\/{rel}","templated":true}]}}