{"id":15043,"date":"2025-01-22T09:58:46","date_gmt":"2025-01-22T09:58:46","guid":{"rendered":"https:\/\/blogsaverroes.juntadeandalucia.es\/iesramonycajalfuengirola\/?p=15043"},"modified":"2025-01-22T09:58:46","modified_gmt":"2025-01-22T09:58:46","slug":"visita-al-puesto-de-control-de-metro-de-malaga","status":"publish","type":"post","link":"https:\/\/blogsaverroes.juntadeandalucia.es\/iessantiagoramonycajal\/visita-al-puesto-de-control-de-metro-de-malaga\/","title":{"rendered":"Visita al Puesto de Control de Metro de M\u00e1laga"},"content":{"rendered":"<table style=\"border-collapse: collapse;width: 100%\">\n<tbody>\n<tr>\n<td style=\"width: 100%\">El d\u00eda 13 de enero de 2025, el <span style=\"color: #008080\"><strong>alumnado de 4\u00ba ESO<\/strong><\/span> visit\u00f3&nbsp; el <strong><span style=\"color: #ff6600\">Centro de Control de Metro de M\u00e1laga<\/span><\/strong> con el objetivo de conocer el funcionamiento del metro de esta ciudad como sistema tecnol\u00f3gico desde la perspectiva de la eficiencia energ\u00e9tica y la sostenibilidad, y valorando la contribuci\u00f3n de las tecnolog\u00edas al desarrollo sostenible en el contexto del transporte p\u00fablico y la reducci\u00f3n de la huella ambiental en el entorno urbano.<\/p>\n<p>Esta visita ha sido facilitada por la <strong>C\u00e1tedra Mujer y Tecnolog\u00eda Hedy Lamarr<\/strong>, de la cual es mecenas el Metro de M\u00e1laga. Esta c\u00e1tedra tiene por objeto aumentar la participaci\u00f3n de las mujeres en la tecnolog\u00eda e incrementar su presencia en titulaciones tecnol\u00f3gicas.<\/p>\n<p style=\"text-align: center\"><a title=\"IMG-20250116-WA0005\" href=\"https:\/\/www.flickr.com\/photos\/147552640@N03\/54281051568\/in\/dateposted-public\/\" data-flickr-embed=\"true\"><img loading=\"lazy\" decoding=\"async\" class=\"\" src=\"https:\/\/live.staticflickr.com\/65535\/54281051568_41042d9e08_h.jpg\" alt=\"IMG-20250116-WA0005\" width=\"458\" height=\"258\"><\/a>&nbsp;<\/p>\n<p>Esta actividad ha sido organizada por los profesores Eva Gonz\u00e1lez Mart\u00ednez y Luis Ortega Latorre, se enmarca dentro del programa CIMA coordinado por Juan G\u00f3mez, en el \u00e1mbito de conocimiento<strong> STEAM, <\/strong>en el<strong> Plan de Igualdad del centro, <\/strong>coordinado por Pepi Cort\u00e9s y aporta a los <strong><strong><span style=\"color: #00ccff\">Objetivos de desarrollo sostenible<\/span><\/strong>: <span style=\"color: #b01919\"><strong>ODS4<\/strong><\/span>, <span style=\"color: #ff0000\"><strong> ODS-5<\/strong><\/span>, <span style=\"color: #ff6600\"><strong>ODS-9<\/strong><\/span>, <strong><span style=\"color: #d4618d\">ODS10<\/span><\/strong>, <strong><span style=\"color: #ff9900\">ODS-11<\/span><\/strong>, <span style=\"color: #c9ae7f\">ODS-12<\/span><\/strong><strong> y <span style=\"color: #0b0b6b\"><strong>ODS17<\/strong><\/span>.<br \/>\n<\/strong><br \/>\n&nbsp;<\/td>\n<\/tr>\n<\/tbody>\n<\/table>\n","protected":false},"excerpt":{"rendered":"<p>El d\u00eda 13 de enero de 2025, el alumnado de 4\u00ba ESO visit\u00f3&nbsp; el Centro de Control de Metro de M\u00e1laga con el objetivo de conocer el funcionamiento del metro de esta ciudad como sistema tecnol\u00f3gico desde la perspectiva de la eficiencia energ\u00e9tica y la sostenibilidad, y valorando la contribuci\u00f3n de las tecnolog\u00edas al desarrollo [&hellip;]<\/p>\n","protected":false},"author":2391,"featured_media":0,"comment_status":"closed","ping_status":"closed","sticky":false,"template":"","format":"standard","meta":{"_et_pb_use_builder":"","_et_pb_old_content":"","_et_gb_content_width":"","ngg_post_thumbnail":0,"footnotes":""},"categories":[106,76,235,196,201,209,194,195,200,219,236,239],"tags":[250,229,197,154],"aioseo_notices":[],"_links":{"self":[{"href":"https:\/\/blogsaverroes.juntadeandalucia.es\/iessantiagoramonycajal\/wp-json\/wp\/v2\/posts\/15043"}],"collection":[{"href":"https:\/\/blogsaverroes.juntadeandalucia.es\/iessantiagoramonycajal\/wp-json\/wp\/v2\/posts"}],"about":[{"href":"https:\/\/blogsaverroes.juntadeandalucia.es\/iessantiagoramonycajal\/wp-json\/wp\/v2\/types\/post"}],"author":[{"embeddable":true,"href":"https:\/\/blogsaverroes.juntadeandalucia.es\/iessantiagoramonycajal\/wp-json\/wp\/v2\/users\/2391"}],"replies":[{"embeddable":true,"href":"https:\/\/blogsaverroes.juntadeandalucia.es\/iessantiagoramonycajal\/wp-json\/wp\/v2\/comments?post=15043"}],"version-history":[{"count":0,"href":"https:\/\/blogsaverroes.juntadeandalucia.es\/iessantiagoramonycajal\/wp-json\/wp\/v2\/posts\/15043\/revisions"}],"wp:attachment":[{"href":"https:\/\/blogsaverroes.juntadeandalucia.es\/iessantiagoramonycajal\/wp-json\/wp\/v2\/media?parent=15043"}],"wp:term":[{"taxonomy":"category","embeddable":true,"href":"https:\/\/blogsaverroes.juntadeandalucia.es\/iessantiagoramonycajal\/wp-json\/wp\/v2\/categories?post=15043"},{"taxonomy":"post_tag","embeddable":true,"href":"https:\/\/blogsaverroes.juntadeandalucia.es\/iessantiagoramonycajal\/wp-json\/wp\/v2\/tags?post=15043"}],"curies":[{"name":"wp","href":"https:\/\/api.w.org\/{rel}","templated":true}]}}