{"id":15068,"date":"2025-01-31T20:34:51","date_gmt":"2025-01-31T20:34:51","guid":{"rendered":"https:\/\/blogsaverroes.juntadeandalucia.es\/iesramonycajalfuengirola\/?p=15068"},"modified":"2025-10-20T19:19:42","modified_gmt":"2025-10-20T18:19:42","slug":"carrera-solidaria-30-enero-dia-de-la-paz","status":"publish","type":"post","link":"https:\/\/blogsaverroes.juntadeandalucia.es\/iessantiagoramonycajal\/carrera-solidaria-30-enero-dia-de-la-paz\/","title":{"rendered":"Carrera Solidaria 30 Enero &#8220;D\u00eda de la Paz&#8221;"},"content":{"rendered":"<table style=\"border-collapse: collapse;width: 100%\">\n<tbody>\n<tr>\n<td style=\"width: 100%\"><strong><span style=\"color: #008080\">Los alumnos y alumnas de 1\u00ba Bachillerato<\/span><\/strong> participan en esta<strong><span style=\"color: #ff6600\"> carrera solidaria<\/span><\/strong> donde cada metro recorrido se traducir\u00e1 en un donativo que ir\u00e1 a colaborar con la ONG Save The Children.<\/p>\n<p>Muchas gracias a todos los que apoyan esta iniciativa.<\/p>\n<p style=\"text-align: center\"><a title=\"20250131_211429\" href=\"https:\/\/www.flickr.com\/photos\/147552640@N03\/54299400585\/in\/dateposted-public\/\" data-flickr-embed=\"true\"><img loading=\"lazy\" decoding=\"async\" class=\"\" src=\"https:\/\/live.staticflickr.com\/65535\/54299400585_70dccc432b_3k.jpg\" alt=\"20250131_211429\" width=\"292\" height=\"292\"><\/a>&nbsp;<\/p>\n<p>Esta actividad est\u00e1 organizada por Pepa Campos, coordinadora de Escuela Espacio de Paz y convivencia, se enmarca dentro del programa <strong>CIMA<\/strong> coordinado por Juan G\u00f3mez, en el \u00e1mbito <strong>Promoci\u00f3n de h\u00e1bitos de vida saludable, <\/strong><strong>y aporta a los <strong><span style=\"color: #00ccff\">Objetivos de desarrollo sostenible<\/span><\/strong>: <strong><span style=\"color: #f05151\">ODS1<\/span><\/strong>, <strong><span style=\"color: #d4ca72\">ODS2<\/span><\/strong>,<strong><span style=\"color: #2aa357\">ODS-3<\/span><\/strong>, <span style=\"color: #b01919\"><strong>ODS4<\/strong><\/span>, <span style=\"color: #ff0000\"><strong> ODS-5<\/strong><\/span>, <strong><span style=\"color: #d4618d\">ODS10<\/span><\/strong>, <strong><strong><span style=\"color: #195e8a\">ODS16<\/span><\/strong> y <span style=\"color: #0b0b6b\"><strong>ODS17<\/strong><\/span>.&nbsp;<\/strong><\/strong><\/td>\n<\/tr>\n<\/tbody>\n<\/table>\n","protected":false},"excerpt":{"rendered":"<p>Los alumnos y alumnas de 1\u00ba Bachillerato participan en esta carrera solidaria donde cada metro recorrido se traducir\u00e1 en un donativo que ir\u00e1 a colaborar con la ONG Save The Children. Muchas gracias a todos los que apoyan esta iniciativa. &nbsp; Esta actividad est\u00e1 organizada por Pepa Campos, coordinadora de Escuela Espacio de Paz y [&hellip;]<\/p>\n","protected":false},"author":2391,"featured_media":0,"comment_status":"closed","ping_status":"closed","sticky":false,"template":"","format":"standard","meta":{"_et_pb_use_builder":"","_et_pb_old_content":"","_et_gb_content_width":"","ngg_post_thumbnail":0,"footnotes":""},"categories":[115,117,37,235,204,196,193,194,205,199,195,200,30,251],"tags":[229,197,214,29],"aioseo_notices":[],"_links":{"self":[{"href":"https:\/\/blogsaverroes.juntadeandalucia.es\/iessantiagoramonycajal\/wp-json\/wp\/v2\/posts\/15068"}],"collection":[{"href":"https:\/\/blogsaverroes.juntadeandalucia.es\/iessantiagoramonycajal\/wp-json\/wp\/v2\/posts"}],"about":[{"href":"https:\/\/blogsaverroes.juntadeandalucia.es\/iessantiagoramonycajal\/wp-json\/wp\/v2\/types\/post"}],"author":[{"embeddable":true,"href":"https:\/\/blogsaverroes.juntadeandalucia.es\/iessantiagoramonycajal\/wp-json\/wp\/v2\/users\/2391"}],"replies":[{"embeddable":true,"href":"https:\/\/blogsaverroes.juntadeandalucia.es\/iessantiagoramonycajal\/wp-json\/wp\/v2\/comments?post=15068"}],"version-history":[{"count":1,"href":"https:\/\/blogsaverroes.juntadeandalucia.es\/iessantiagoramonycajal\/wp-json\/wp\/v2\/posts\/15068\/revisions"}],"predecessor-version":[{"id":16074,"href":"https:\/\/blogsaverroes.juntadeandalucia.es\/iessantiagoramonycajal\/wp-json\/wp\/v2\/posts\/15068\/revisions\/16074"}],"wp:attachment":[{"href":"https:\/\/blogsaverroes.juntadeandalucia.es\/iessantiagoramonycajal\/wp-json\/wp\/v2\/media?parent=15068"}],"wp:term":[{"taxonomy":"category","embeddable":true,"href":"https:\/\/blogsaverroes.juntadeandalucia.es\/iessantiagoramonycajal\/wp-json\/wp\/v2\/categories?post=15068"},{"taxonomy":"post_tag","embeddable":true,"href":"https:\/\/blogsaverroes.juntadeandalucia.es\/iessantiagoramonycajal\/wp-json\/wp\/v2\/tags?post=15068"}],"curies":[{"name":"wp","href":"https:\/\/api.w.org\/{rel}","templated":true}]}}